[{"@context":"https:\/\/schema.org\/","@type":"Blog","@id":"https:\/\/www.avlcz.cz#Blog","headline":"Avlcz","description":"\nI kdy\u017e naprosto pochopiteln\u011b nem\u00e1 n\u00e1\u0161 web ruce, ochotn\u011b v\u00e1m pod\u00e1 pomocnou ruku, a i kdy\u017e nem\u00e1 nohy, vyjde v\u00e1m v\u017edy a ve v\u0161em ochotn\u011b vst\u0159\u00edc.","url":"https:\/\/www.avlcz.cz","hasPart":[{"@type":"Article","@id":"https:\/\/www.avlcz.cz\/chce-to-vetsi-vuz\/","headline":"Chce to v\u011bt\u0161\u00ed v\u016fz?","url":"https:\/\/www.avlcz.cz\/chce-to-vetsi-vuz\/","datePublished":"2020-12-21","dateModified":"2023-12-13","mainEntityOfPage":"https:\/\/www.avlcz.cz\/chce-to-vetsi-vuz\/","author":{"@type":"Person","@id":"https:\/\/www.avlcz.cz\/author\/#Person","name":"","url":"https:\/\/www.avlcz.cz\/author\/","identifier":1,"image":{"@type":"ImageObject","@id":"https:\/\/secure.gravatar.com\/avatar\/591310831c6f562dead2685065c7bfb166baf64da6e0332ad9d0a2e9c6c14446?s=96&d=mm&r=g","url":"https:\/\/secure.gravatar.com\/avatar\/591310831c6f562dead2685065c7bfb166baf64da6e0332ad9d0a2e9c6c14446?s=96&d=mm&r=g","height":96,"width":96}},"publisher":{"@type":"Organization","name":"avlcz.cz","logo":{"@type":"ImageObject","@id":"\/logo.png","url":"\/logo.png","width":600,"height":60}},"image":{"@type":"ImageObject","@id":"https:\/\/www.avlcz.cz\/wp-content\/uploads\/%C5%BElutob%C3%ADl%C3%A1%20dod%C3%A1vka.png","url":"https:\/\/www.avlcz.cz\/wp-content\/uploads\/%C5%BElutob%C3%ADl%C3%A1%20dod%C3%A1vka.png","height":0,"width":0},"wordCount":618,"keywords":null},{"@type":"Article","@id":"https:\/\/www.avlcz.cz\/krasa-strida-nadheru\/","headline":"Kr\u00e1sa st\u0159\u00edd\u00e1 n\u00e1dheru","url":"https:\/\/www.avlcz.cz\/krasa-strida-nadheru\/","datePublished":"2020-11-10","dateModified":"2023-05-02","mainEntityOfPage":"https:\/\/www.avlcz.cz\/krasa-strida-nadheru\/","author":{"@type":"Person","@id":"https:\/\/www.avlcz.cz\/author\/#Person","name":"","url":"https:\/\/www.avlcz.cz\/author\/","identifier":1,"image":{"@type":"ImageObject","@id":"https:\/\/secure.gravatar.com\/avatar\/591310831c6f562dead2685065c7bfb166baf64da6e0332ad9d0a2e9c6c14446?s=96&d=mm&r=g","url":"https:\/\/secure.gravatar.com\/avatar\/591310831c6f562dead2685065c7bfb166baf64da6e0332ad9d0a2e9c6c14446?s=96&d=mm&r=g","height":96,"width":96}},"publisher":{"@type":"Organization","name":"avlcz.cz","logo":{"@type":"ImageObject","@id":"\/logo.png","url":"\/logo.png","width":600,"height":60}},"image":null,"wordCount":516,"keywords":null},{"@type":"Article","@id":"https:\/\/www.avlcz.cz\/hypoteka-jako-klic-k-vlastnimu-bydleni\/","headline":"Hypot\u00e9ka jako kl\u00ed\u010d k vlastn\u00edmu bydlen\u00ed","url":"https:\/\/www.avlcz.cz\/hypoteka-jako-klic-k-vlastnimu-bydleni\/","datePublished":"2020-10-24","dateModified":"2020-10-24","mainEntityOfPage":"https:\/\/www.avlcz.cz\/hypoteka-jako-klic-k-vlastnimu-bydleni\/","author":{"@type":"Person","@id":"https:\/\/www.avlcz.cz\/author\/#Person","name":"","url":"https:\/\/www.avlcz.cz\/author\/","identifier":1,"image":{"@type":"ImageObject","@id":"https:\/\/secure.gravatar.com\/avatar\/591310831c6f562dead2685065c7bfb166baf64da6e0332ad9d0a2e9c6c14446?s=96&d=mm&r=g","url":"https:\/\/secure.gravatar.com\/avatar\/591310831c6f562dead2685065c7bfb166baf64da6e0332ad9d0a2e9c6c14446?s=96&d=mm&r=g","height":96,"width":96}},"publisher":{"@type":"Organization","name":"avlcz.cz","logo":{"@type":"ImageObject","@id":"\/logo.png","url":"\/logo.png","width":600,"height":60}},"image":{"@type":"ImageObject","@id":"https:\/\/www.avlcz.cz\/wp-content\/uploads\/sjedn%C3%A1n%C3%AD%20hypot%C3%A9ky.jpg","url":"https:\/\/www.avlcz.cz\/wp-content\/uploads\/sjedn%C3%A1n%C3%AD%20hypot%C3%A9ky.jpg","height":0,"width":0},"wordCount":595,"keywords":null},{"@type":"Article","@id":"https:\/\/www.avlcz.cz\/duvody-pro-zamitnuti-uveru\/","headline":"D\u016fvody pro zam\u00edtnut\u00ed \u00fav\u011bru","url":"https:\/\/www.avlcz.cz\/duvody-pro-zamitnuti-uveru\/","datePublished":"2020-10-24","dateModified":"2020-10-24","mainEntityOfPage":"https:\/\/www.avlcz.cz\/duvody-pro-zamitnuti-uveru\/","author":{"@type":"Person","@id":"https:\/\/www.avlcz.cz\/author\/#Person","name":"","url":"https:\/\/www.avlcz.cz\/author\/","identifier":1,"image":{"@type":"ImageObject","@id":"https:\/\/secure.gravatar.com\/avatar\/591310831c6f562dead2685065c7bfb166baf64da6e0332ad9d0a2e9c6c14446?s=96&d=mm&r=g","url":"https:\/\/secure.gravatar.com\/avatar\/591310831c6f562dead2685065c7bfb166baf64da6e0332ad9d0a2e9c6c14446?s=96&d=mm&r=g","height":96,"width":96}},"publisher":{"@type":"Organization","name":"avlcz.cz","logo":{"@type":"ImageObject","@id":"\/logo.png","url":"\/logo.png","width":600,"height":60}},"image":{"@type":"ImageObject","@id":"https:\/\/www.avlcz.cz\/wp-content\/uploads\/pot%C5%99esen%C3%AD%20rukou_1.jpg","url":"https:\/\/www.avlcz.cz\/wp-content\/uploads\/pot%C5%99esen%C3%AD%20rukou_1.jpg","height":0,"width":0},"wordCount":621,"keywords":null},{"@type":"Article","@id":"https:\/\/www.avlcz.cz\/novy-iphone-se-2020\/","headline":"Nov\u00fd iPhone SE 2020","url":"https:\/\/www.avlcz.cz\/novy-iphone-se-2020\/","datePublished":"2020-10-19","dateModified":"2020-10-19","mainEntityOfPage":"https:\/\/www.avlcz.cz\/novy-iphone-se-2020\/","author":{"@type":"Person","@id":"https:\/\/www.avlcz.cz\/author\/#Person","name":"","url":"https:\/\/www.avlcz.cz\/author\/","identifier":1,"image":{"@type":"ImageObject","@id":"https:\/\/secure.gravatar.com\/avatar\/591310831c6f562dead2685065c7bfb166baf64da6e0332ad9d0a2e9c6c14446?s=96&d=mm&r=g","url":"https:\/\/secure.gravatar.com\/avatar\/591310831c6f562dead2685065c7bfb166baf64da6e0332ad9d0a2e9c6c14446?s=96&d=mm&r=g","height":96,"width":96}},"publisher":{"@type":"Organization","name":"avlcz.cz","logo":{"@type":"ImageObject","@id":"\/logo.png","url":"\/logo.png","width":600,"height":60}},"image":{"@type":"ImageObject","@id":"https:\/\/www.avlcz.cz\/wp-content\/uploads\/focen%C3%AD%20mobilem_1.jpg","url":"https:\/\/www.avlcz.cz\/wp-content\/uploads\/focen%C3%AD%20mobilem_1.jpg","height":0,"width":0},"wordCount":702,"keywords":null},{"@type":"Article","@id":"https:\/\/www.avlcz.cz\/hudebni-tabor\/","headline":"Hudebn\u00ed t\u00e1bor","url":"https:\/\/www.avlcz.cz\/hudebni-tabor\/","datePublished":"2020-10-13","dateModified":"2023-09-01","mainEntityOfPage":"https:\/\/www.avlcz.cz\/hudebni-tabor\/","author":{"@type":"Person","@id":"https:\/\/www.avlcz.cz\/author\/#Person","name":"","url":"https:\/\/www.avlcz.cz\/author\/","identifier":1,"image":{"@type":"ImageObject","@id":"https:\/\/secure.gravatar.com\/avatar\/591310831c6f562dead2685065c7bfb166baf64da6e0332ad9d0a2e9c6c14446?s=96&d=mm&r=g","url":"https:\/\/secure.gravatar.com\/avatar\/591310831c6f562dead2685065c7bfb166baf64da6e0332ad9d0a2e9c6c14446?s=96&d=mm&r=g","height":96,"width":96}},"publisher":{"@type":"Organization","name":"avlcz.cz","logo":{"@type":"ImageObject","@id":"\/logo.png","url":"\/logo.png","width":600,"height":60}},"image":{"@type":"ImageObject","@id":"https:\/\/www.avlcz.cz\/wp-content\/uploads\/zp%C3%ADvaj%C3%ADc%C3%AD%20kluk.png","url":"https:\/\/www.avlcz.cz\/wp-content\/uploads\/zp%C3%ADvaj%C3%ADc%C3%AD%20kluk.png","height":0,"width":0},"wordCount":1191,"keywords":null},{"@type":"Article","@id":"https:\/\/www.avlcz.cz\/eroticke-masaze-se-mohou-stat-branou-do-raje\/","headline":"Erotick\u00e9 mas\u00e1\u017ee se mohou st\u00e1t branou do r\u00e1je","url":"https:\/\/www.avlcz.cz\/eroticke-masaze-se-mohou-stat-branou-do-raje\/","datePublished":"2020-09-15","dateModified":"2020-09-15","mainEntityOfPage":"https:\/\/www.avlcz.cz\/eroticke-masaze-se-mohou-stat-branou-do-raje\/","author":{"@type":"Person","@id":"https:\/\/www.avlcz.cz\/author\/#Person","name":"","url":"https:\/\/www.avlcz.cz\/author\/","identifier":1,"image":{"@type":"ImageObject","@id":"https:\/\/secure.gravatar.com\/avatar\/591310831c6f562dead2685065c7bfb166baf64da6e0332ad9d0a2e9c6c14446?s=96&d=mm&r=g","url":"https:\/\/secure.gravatar.com\/avatar\/591310831c6f562dead2685065c7bfb166baf64da6e0332ad9d0a2e9c6c14446?s=96&d=mm&r=g","height":96,"width":96}},"publisher":{"@type":"Organization","name":"avlcz.cz","logo":{"@type":"ImageObject","@id":"\/logo.png","url":"\/logo.png","width":600,"height":60}},"image":{"@type":"ImageObject","@id":"https:\/\/www.avlcz.cz\/wp-content\/uploads\/pohled%20na%20%C5%BEenu%20zezadu.jpg","url":"https:\/\/www.avlcz.cz\/wp-content\/uploads\/pohled%20na%20%C5%BEenu%20zezadu.jpg","height":0,"width":0},"wordCount":569,"keywords":null},{"@type":"Article","@id":"https:\/\/www.avlcz.cz\/kilogramy-navic\/","headline":"Kilogramy \u201cnav\u00edc\u201d","url":"https:\/\/www.avlcz.cz\/kilogramy-navic\/","datePublished":"2020-08-10","dateModified":"2020-08-10","mainEntityOfPage":"https:\/\/www.avlcz.cz\/kilogramy-navic\/","author":{"@type":"Person","@id":"https:\/\/www.avlcz.cz\/author\/#Person","name":"","url":"https:\/\/www.avlcz.cz\/author\/","identifier":1,"image":{"@type":"ImageObject","@id":"https:\/\/secure.gravatar.com\/avatar\/591310831c6f562dead2685065c7bfb166baf64da6e0332ad9d0a2e9c6c14446?s=96&d=mm&r=g","url":"https:\/\/secure.gravatar.com\/avatar\/591310831c6f562dead2685065c7bfb166baf64da6e0332ad9d0a2e9c6c14446?s=96&d=mm&r=g","height":96,"width":96}},"publisher":{"@type":"Organization","name":"avlcz.cz","logo":{"@type":"ImageObject","@id":"\/logo.png","url":"\/logo.png","width":600,"height":60}},"image":{"@type":"ImageObject","@id":"https:\/\/www.avlcz.cz\/wp-content\/uploads\/breakfast-1804457_1280.jpg","url":"https:\/\/www.avlcz.cz\/wp-content\/uploads\/breakfast-1804457_1280.jpg","height":0,"width":0},"wordCount":570,"keywords":null},{"@type":"Article","@id":"https:\/\/www.avlcz.cz\/kdyz-je-auto-potreba\/","headline":"Kdy\u017e je auto pot\u0159eba","url":"https:\/\/www.avlcz.cz\/kdyz-je-auto-potreba\/","datePublished":"2020-08-10","dateModified":"2020-08-10","mainEntityOfPage":"https:\/\/www.avlcz.cz\/kdyz-je-auto-potreba\/","author":{"@type":"Person","@id":"https:\/\/www.avlcz.cz\/author\/#Person","name":"","url":"https:\/\/www.avlcz.cz\/author\/","identifier":1,"image":{"@type":"ImageObject","@id":"https:\/\/secure.gravatar.com\/avatar\/591310831c6f562dead2685065c7bfb166baf64da6e0332ad9d0a2e9c6c14446?s=96&d=mm&r=g","url":"https:\/\/secure.gravatar.com\/avatar\/591310831c6f562dead2685065c7bfb166baf64da6e0332ad9d0a2e9c6c14446?s=96&d=mm&r=g","height":96,"width":96}},"publisher":{"@type":"Organization","name":"avlcz.cz","logo":{"@type":"ImageObject","@id":"\/logo.png","url":"\/logo.png","width":600,"height":60}},"image":{"@type":"ImageObject","@id":"https:\/\/www.avlcz.cz\/wp-content\/uploads\/nalo%C5%BEen%C3%A1%20%C5%A1kodovka.jpg","url":"https:\/\/www.avlcz.cz\/wp-content\/uploads\/nalo%C5%BEen%C3%A1%20%C5%A1kodovka.jpg","height":0,"width":0},"wordCount":646,"keywords":null},{"@type":"Article","@id":"https:\/\/www.avlcz.cz\/jak-osetrovat-drevo-v-exterieru\/","headline":"Jak o\u0161et\u0159ovat d\u0159evo v exteri\u00e9ru?","url":"https:\/\/www.avlcz.cz\/jak-osetrovat-drevo-v-exterieru\/","datePublished":"2020-08-08","dateModified":"2023-12-13","mainEntityOfPage":"https:\/\/www.avlcz.cz\/jak-osetrovat-drevo-v-exterieru\/","author":{"@type":"Person","@id":"https:\/\/www.avlcz.cz\/author\/#Person","name":"","url":"https:\/\/www.avlcz.cz\/author\/","identifier":1,"image":{"@type":"ImageObject","@id":"https:\/\/secure.gravatar.com\/avatar\/591310831c6f562dead2685065c7bfb166baf64da6e0332ad9d0a2e9c6c14446?s=96&d=mm&r=g","url":"https:\/\/secure.gravatar.com\/avatar\/591310831c6f562dead2685065c7bfb166baf64da6e0332ad9d0a2e9c6c14446?s=96&d=mm&r=g","height":96,"width":96}},"publisher":{"@type":"Organization","name":"avlcz.cz","logo":{"@type":"ImageObject","@id":"\/logo.png","url":"\/logo.png","width":600,"height":60}},"image":{"@type":"ImageObject","@id":"https:\/\/www.avlcz.cz\/wp-content\/uploads\/d%C5%99ev%C4%9Bn%C3%A1%20lavi%C4%8Dka_2.jpg","url":"https:\/\/www.avlcz.cz\/wp-content\/uploads\/d%C5%99ev%C4%9Bn%C3%A1%20lavi%C4%8Dka_2.jpg","height":0,"width":0},"wordCount":620,"keywords":null}]},{"@context":"https:\/\/schema.org","@type":"WebSite","@id":"https:\/\/www.avlcz.cz\/#website","name":"Avlcz","url":"https:\/\/www.avlcz.cz","potentialAction":{"@type":"SearchAction","target":"https:\/\/www.avlcz.cz\/?s={search_term_string}","query-input":"required name=search_term_string"}}]