[{"@context":"https:\/\/schema.org\/","@type":"Blog","@id":"https:\/\/www.avlcz.cz#Blog","headline":"Avlcz","description":"\nI kdy\u017e naprosto pochopiteln\u011b nem\u00e1 n\u00e1\u0161 web ruce, ochotn\u011b v\u00e1m pod\u00e1 pomocnou ruku, a i kdy\u017e nem\u00e1 nohy, vyjde v\u00e1m v\u017edy a ve v\u0161em ochotn\u011b vst\u0159\u00edc.","url":"https:\/\/www.avlcz.cz","hasPart":[{"@type":"Article","@id":"https:\/\/www.avlcz.cz\/hypoteka-na-stavbu-domu\/","headline":"Hypot\u00e9ka na stavbu domu","url":"https:\/\/www.avlcz.cz\/hypoteka-na-stavbu-domu\/","datePublished":"2021-04-12","dateModified":"2021-04-12","mainEntityOfPage":"https:\/\/www.avlcz.cz\/hypoteka-na-stavbu-domu\/","author":{"@type":"Person","@id":"https:\/\/www.avlcz.cz\/author\/#Person","name":"","url":"https:\/\/www.avlcz.cz\/author\/","identifier":1,"image":{"@type":"ImageObject","@id":"https:\/\/secure.gravatar.com\/avatar\/591310831c6f562dead2685065c7bfb166baf64da6e0332ad9d0a2e9c6c14446?s=96&d=mm&r=g","url":"https:\/\/secure.gravatar.com\/avatar\/591310831c6f562dead2685065c7bfb166baf64da6e0332ad9d0a2e9c6c14446?s=96&d=mm&r=g","height":96,"width":96}},"publisher":{"@type":"Organization","name":"avlcz.cz","logo":{"@type":"ImageObject","@id":"\/logo.png","url":"\/logo.png","width":600,"height":60}},"image":{"@type":"ImageObject","@id":"https:\/\/www.avlcz.cz\/wp-content\/uploads\/nov%C3%BD%20d%C5%AFm_2.PNG","url":"https:\/\/www.avlcz.cz\/wp-content\/uploads\/nov%C3%BD%20d%C5%AFm_2.PNG","height":0,"width":0},"wordCount":750,"keywords":null},{"@type":"Article","@id":"https:\/\/www.avlcz.cz\/je-vhodne-kupovat-ty-nejlevnejsi-elektrocentraly\/","headline":"Je vhodn\u00e9 kupovat ty nejlevn\u011bj\u0161\u00ed elektrocentr\u00e1ly?","url":"https:\/\/www.avlcz.cz\/je-vhodne-kupovat-ty-nejlevnejsi-elektrocentraly\/","datePublished":"2021-03-19","dateModified":"2023-10-20","mainEntityOfPage":"https:\/\/www.avlcz.cz\/je-vhodne-kupovat-ty-nejlevnejsi-elektrocentraly\/","author":{"@type":"Person","@id":"https:\/\/www.avlcz.cz\/author\/#Person","name":"","url":"https:\/\/www.avlcz.cz\/author\/","identifier":1,"image":{"@type":"ImageObject","@id":"https:\/\/secure.gravatar.com\/avatar\/591310831c6f562dead2685065c7bfb166baf64da6e0332ad9d0a2e9c6c14446?s=96&d=mm&r=g","url":"https:\/\/secure.gravatar.com\/avatar\/591310831c6f562dead2685065c7bfb166baf64da6e0332ad9d0a2e9c6c14446?s=96&d=mm&r=g","height":96,"width":96}},"publisher":{"@type":"Organization","name":"avlcz.cz","logo":{"@type":"ImageObject","@id":"\/logo.png","url":"\/logo.png","width":600,"height":60}},"image":{"@type":"ImageObject","@id":"https:\/\/www.avlcz.cz\/wp-content\/uploads\/elektrikar2_7.jpg","url":"https:\/\/www.avlcz.cz\/wp-content\/uploads\/elektrikar2_7.jpg","height":0,"width":0},"wordCount":1011,"keywords":null},{"@type":"Article","@id":"https:\/\/www.avlcz.cz\/quinoa\/","headline":"Quinoa","url":"https:\/\/www.avlcz.cz\/quinoa\/","datePublished":"2021-02-19","dateModified":"2023-10-13","mainEntityOfPage":"https:\/\/www.avlcz.cz\/quinoa\/","author":{"@type":"Person","@id":"https:\/\/www.avlcz.cz\/author\/#Person","name":"","url":"https:\/\/www.avlcz.cz\/author\/","identifier":1,"image":{"@type":"ImageObject","@id":"https:\/\/secure.gravatar.com\/avatar\/591310831c6f562dead2685065c7bfb166baf64da6e0332ad9d0a2e9c6c14446?s=96&d=mm&r=g","url":"https:\/\/secure.gravatar.com\/avatar\/591310831c6f562dead2685065c7bfb166baf64da6e0332ad9d0a2e9c6c14446?s=96&d=mm&r=g","height":96,"width":96}},"publisher":{"@type":"Organization","name":"avlcz.cz","logo":{"@type":"ImageObject","@id":"\/logo.png","url":"\/logo.png","width":600,"height":60}},"image":{"@type":"ImageObject","@id":"https:\/\/www.avlcz.cz\/wp-content\/uploads\/chutn%C3%A1%20obilnina.PNG","url":"https:\/\/www.avlcz.cz\/wp-content\/uploads\/chutn%C3%A1%20obilnina.PNG","height":0,"width":0},"wordCount":757,"keywords":null},{"@type":"Article","@id":"https:\/\/www.avlcz.cz\/jake-mohou-byt-trvale-nasledky-po-nehode\/","headline":"Jak\u00e9 mohou b\u00fdt trval\u00e9 n\u00e1sledky po nehod\u011b","url":"https:\/\/www.avlcz.cz\/jake-mohou-byt-trvale-nasledky-po-nehode\/","datePublished":"2021-02-18","dateModified":"2021-02-18","mainEntityOfPage":"https:\/\/www.avlcz.cz\/jake-mohou-byt-trvale-nasledky-po-nehode\/","author":{"@type":"Person","@id":"https:\/\/www.avlcz.cz\/author\/#Person","name":"","url":"https:\/\/www.avlcz.cz\/author\/","identifier":1,"image":{"@type":"ImageObject","@id":"https:\/\/secure.gravatar.com\/avatar\/591310831c6f562dead2685065c7bfb166baf64da6e0332ad9d0a2e9c6c14446?s=96&d=mm&r=g","url":"https:\/\/secure.gravatar.com\/avatar\/591310831c6f562dead2685065c7bfb166baf64da6e0332ad9d0a2e9c6c14446?s=96&d=mm&r=g","height":96,"width":96}},"publisher":{"@type":"Organization","name":"avlcz.cz","logo":{"@type":"ImageObject","@id":"\/logo.png","url":"\/logo.png","width":600,"height":60}},"image":{"@type":"ImageObject","@id":"https:\/\/www.avlcz.cz\/wp-content\/uploads\/lzdroje2_2.jpg","url":"https:\/\/www.avlcz.cz\/wp-content\/uploads\/lzdroje2_2.jpg","height":0,"width":0},"wordCount":630,"keywords":null},{"@type":"Article","@id":"https:\/\/www.avlcz.cz\/ne-kazdy-ma-dost\/","headline":"Ne ka\u017ed\u00fd m\u00e1 dost","url":"https:\/\/www.avlcz.cz\/ne-kazdy-ma-dost\/","datePublished":"2021-02-17","dateModified":"2021-02-17","mainEntityOfPage":"https:\/\/www.avlcz.cz\/ne-kazdy-ma-dost\/","author":{"@type":"Person","@id":"https:\/\/www.avlcz.cz\/author\/#Person","name":"","url":"https:\/\/www.avlcz.cz\/author\/","identifier":1,"image":{"@type":"ImageObject","@id":"https:\/\/secure.gravatar.com\/avatar\/591310831c6f562dead2685065c7bfb166baf64da6e0332ad9d0a2e9c6c14446?s=96&d=mm&r=g","url":"https:\/\/secure.gravatar.com\/avatar\/591310831c6f562dead2685065c7bfb166baf64da6e0332ad9d0a2e9c6c14446?s=96&d=mm&r=g","height":96,"width":96}},"publisher":{"@type":"Organization","name":"avlcz.cz","logo":{"@type":"ImageObject","@id":"\/logo.png","url":"\/logo.png","width":600,"height":60}},"image":{"@type":"ImageObject","@id":"https:\/\/www.avlcz.cz\/wp-content\/uploads\/EU%20mince_1.jpg","url":"https:\/\/www.avlcz.cz\/wp-content\/uploads\/EU%20mince_1.jpg","height":0,"width":0},"wordCount":610,"keywords":null},{"@type":"Article","@id":"https:\/\/www.avlcz.cz\/zaklady-webu\/","headline":"Z\u00e1klady webu","url":"https:\/\/www.avlcz.cz\/zaklady-webu\/","datePublished":"2021-02-16","dateModified":"2021-02-16","mainEntityOfPage":"https:\/\/www.avlcz.cz\/zaklady-webu\/","author":{"@type":"Person","@id":"https:\/\/www.avlcz.cz\/author\/#Person","name":"","url":"https:\/\/www.avlcz.cz\/author\/","identifier":1,"image":{"@type":"ImageObject","@id":"https:\/\/secure.gravatar.com\/avatar\/591310831c6f562dead2685065c7bfb166baf64da6e0332ad9d0a2e9c6c14446?s=96&d=mm&r=g","url":"https:\/\/secure.gravatar.com\/avatar\/591310831c6f562dead2685065c7bfb166baf64da6e0332ad9d0a2e9c6c14446?s=96&d=mm&r=g","height":96,"width":96}},"publisher":{"@type":"Organization","name":"avlcz.cz","logo":{"@type":"ImageObject","@id":"\/logo.png","url":"\/logo.png","width":600,"height":60}},"image":{"@type":"ImageObject","@id":"https:\/\/www.avlcz.cz\/wp-content\/uploads\/Pardubice.jpg","url":"https:\/\/www.avlcz.cz\/wp-content\/uploads\/Pardubice.jpg","height":0,"width":0},"wordCount":722,"keywords":null},{"@type":"Article","@id":"https:\/\/www.avlcz.cz\/musi-byt-oprava-bazenovych-cerpadel-provadena-specializovanou-firmou\/","headline":"Mus\u00ed b\u00fdt oprava baz\u00e9nov\u00fdch \u010derpadel prov\u00e1d\u011bna specializovanou firmou?","url":"https:\/\/www.avlcz.cz\/musi-byt-oprava-bazenovych-cerpadel-provadena-specializovanou-firmou\/","datePublished":"2021-02-16","dateModified":"2021-02-16","mainEntityOfPage":"https:\/\/www.avlcz.cz\/musi-byt-oprava-bazenovych-cerpadel-provadena-specializovanou-firmou\/","author":{"@type":"Person","@id":"https:\/\/www.avlcz.cz\/author\/#Person","name":"","url":"https:\/\/www.avlcz.cz\/author\/","identifier":1,"image":{"@type":"ImageObject","@id":"https:\/\/secure.gravatar.com\/avatar\/591310831c6f562dead2685065c7bfb166baf64da6e0332ad9d0a2e9c6c14446?s=96&d=mm&r=g","url":"https:\/\/secure.gravatar.com\/avatar\/591310831c6f562dead2685065c7bfb166baf64da6e0332ad9d0a2e9c6c14446?s=96&d=mm&r=g","height":96,"width":96}},"publisher":{"@type":"Organization","name":"avlcz.cz","logo":{"@type":"ImageObject","@id":"\/logo.png","url":"\/logo.png","width":600,"height":60}},"image":{"@type":"ImageObject","@id":"https:\/\/www.avlcz.cz\/wp-content\/uploads\/bazen4_10_10_10_3.jpg","url":"https:\/\/www.avlcz.cz\/wp-content\/uploads\/bazen4_10_10_10_3.jpg","height":0,"width":0},"wordCount":600,"keywords":null},{"@type":"Article","@id":"https:\/\/www.avlcz.cz\/podle-ceho-se-pocita-u-profese-bytovy-architekt-cena-za-sluzby\/","headline":"Podle \u010deho se po\u010d\u00edt\u00e1 u profese bytov\u00fd architekt cena za slu\u017eby","url":"https:\/\/www.avlcz.cz\/podle-ceho-se-pocita-u-profese-bytovy-architekt-cena-za-sluzby\/","datePublished":"2021-01-17","dateModified":"2021-01-17","mainEntityOfPage":"https:\/\/www.avlcz.cz\/podle-ceho-se-pocita-u-profese-bytovy-architekt-cena-za-sluzby\/","author":{"@type":"Person","@id":"https:\/\/www.avlcz.cz\/author\/#Person","name":"","url":"https:\/\/www.avlcz.cz\/author\/","identifier":1,"image":{"@type":"ImageObject","@id":"https:\/\/secure.gravatar.com\/avatar\/591310831c6f562dead2685065c7bfb166baf64da6e0332ad9d0a2e9c6c14446?s=96&d=mm&r=g","url":"https:\/\/secure.gravatar.com\/avatar\/591310831c6f562dead2685065c7bfb166baf64da6e0332ad9d0a2e9c6c14446?s=96&d=mm&r=g","height":96,"width":96}},"publisher":{"@type":"Organization","name":"avlcz.cz","logo":{"@type":"ImageObject","@id":"\/logo.png","url":"\/logo.png","width":600,"height":60}},"image":{"@type":"ImageObject","@id":"https:\/\/www.avlcz.cz\/wp-content\/uploads\/hypoteka1_10_10_9.jpg","url":"https:\/\/www.avlcz.cz\/wp-content\/uploads\/hypoteka1_10_10_9.jpg","height":0,"width":0},"wordCount":564,"keywords":null},{"@type":"Article","@id":"https:\/\/www.avlcz.cz\/snizeni-telesne-hmotnosti-s-keto-dietou\/","headline":"Sn\u00ed\u017een\u00ed t\u011blesn\u00e9 hmotnosti s keto dietou","url":"https:\/\/www.avlcz.cz\/snizeni-telesne-hmotnosti-s-keto-dietou\/","datePublished":"2021-01-16","dateModified":"2021-01-16","mainEntityOfPage":"https:\/\/www.avlcz.cz\/snizeni-telesne-hmotnosti-s-keto-dietou\/","author":{"@type":"Person","@id":"https:\/\/www.avlcz.cz\/author\/#Person","name":"","url":"https:\/\/www.avlcz.cz\/author\/","identifier":1,"image":{"@type":"ImageObject","@id":"https:\/\/secure.gravatar.com\/avatar\/591310831c6f562dead2685065c7bfb166baf64da6e0332ad9d0a2e9c6c14446?s=96&d=mm&r=g","url":"https:\/\/secure.gravatar.com\/avatar\/591310831c6f562dead2685065c7bfb166baf64da6e0332ad9d0a2e9c6c14446?s=96&d=mm&r=g","height":96,"width":96}},"publisher":{"@type":"Organization","name":"avlcz.cz","logo":{"@type":"ImageObject","@id":"\/logo.png","url":"\/logo.png","width":600,"height":60}},"image":{"@type":"ImageObject","@id":"https:\/\/www.avlcz.cz\/wp-content\/uploads\/mu%C5%BE%20hamburger.jpeg","url":"https:\/\/www.avlcz.cz\/wp-content\/uploads\/mu%C5%BE%20hamburger.jpeg","height":0,"width":0},"wordCount":561,"keywords":null},{"@type":"Article","@id":"https:\/\/www.avlcz.cz\/betonove-ploty-jsou-k-nezaplaceni\/","headline":"Betonov\u00e9 ploty jsou k nezaplacen\u00ed","url":"https:\/\/www.avlcz.cz\/betonove-ploty-jsou-k-nezaplaceni\/","datePublished":"2020-12-22","dateModified":"2020-12-22","mainEntityOfPage":"https:\/\/www.avlcz.cz\/betonove-ploty-jsou-k-nezaplaceni\/","author":{"@type":"Person","@id":"https:\/\/www.avlcz.cz\/author\/#Person","name":"","url":"https:\/\/www.avlcz.cz\/author\/","identifier":1,"image":{"@type":"ImageObject","@id":"https:\/\/secure.gravatar.com\/avatar\/591310831c6f562dead2685065c7bfb166baf64da6e0332ad9d0a2e9c6c14446?s=96&d=mm&r=g","url":"https:\/\/secure.gravatar.com\/avatar\/591310831c6f562dead2685065c7bfb166baf64da6e0332ad9d0a2e9c6c14446?s=96&d=mm&r=g","height":96,"width":96}},"publisher":{"@type":"Organization","name":"avlcz.cz","logo":{"@type":"ImageObject","@id":"\/logo.png","url":"\/logo.png","width":600,"height":60}},"image":{"@type":"ImageObject","@id":"https:\/\/www.avlcz.cz\/wp-content\/uploads\/ploty%20(3).jpg","url":"https:\/\/www.avlcz.cz\/wp-content\/uploads\/ploty%20(3).jpg","height":0,"width":0},"wordCount":553,"keywords":null}]},{"@context":"https:\/\/schema.org","@type":"WebSite","@id":"https:\/\/www.avlcz.cz\/#website","name":"Avlcz","url":"https:\/\/www.avlcz.cz","potentialAction":{"@type":"SearchAction","target":"https:\/\/www.avlcz.cz\/?s={search_term_string}","query-input":"required name=search_term_string"}}]