[{"@context":"https:\/\/schema.org\/","@type":"Blog","@id":"https:\/\/www.avlcz.cz#Blog","headline":"Avlcz","description":"\nI kdy\u017e naprosto pochopiteln\u011b nem\u00e1 n\u00e1\u0161 web ruce, ochotn\u011b v\u00e1m pod\u00e1 pomocnou ruku, a i kdy\u017e nem\u00e1 nohy, vyjde v\u00e1m v\u017edy a ve v\u0161em ochotn\u011b vst\u0159\u00edc.","url":"https:\/\/www.avlcz.cz","hasPart":[{"@type":"Article","@id":"https:\/\/www.avlcz.cz\/pokrocile-filtrovani-indexovanych-dat\/","headline":"Pokro\u010dil\u00e9 filtrov\u00e1n\u00ed indexovan\u00fdch dat","url":"https:\/\/www.avlcz.cz\/pokrocile-filtrovani-indexovanych-dat\/","datePublished":"2026-05-26","dateModified":"2026-05-26","mainEntityOfPage":"https:\/\/www.avlcz.cz\/pokrocile-filtrovani-indexovanych-dat\/","author":{"@type":"Person","@id":"https:\/\/www.avlcz.cz\/author\/#Person","name":"","url":"https:\/\/www.avlcz.cz\/author\/","identifier":1,"image":{"@type":"ImageObject","@id":"https:\/\/secure.gravatar.com\/avatar\/591310831c6f562dead2685065c7bfb166baf64da6e0332ad9d0a2e9c6c14446?s=96&d=mm&r=g","url":"https:\/\/secure.gravatar.com\/avatar\/591310831c6f562dead2685065c7bfb166baf64da6e0332ad9d0a2e9c6c14446?s=96&d=mm&r=g","height":96,"width":96}},"publisher":{"@type":"Organization","name":"avlcz.cz","logo":{"@type":"ImageObject","@id":"\/logo.png","url":"\/logo.png","width":600,"height":60}},"image":{"@type":"ImageObject","@id":"https:\/\/www.avlcz.cz\/wp-content\/uploads\/img_a327531_w2461_t1539850946.png","url":"https:\/\/www.avlcz.cz\/wp-content\/uploads\/img_a327531_w2461_t1539850946.png","height":0,"width":0},"wordCount":1231,"keywords":null},{"@type":"Article","@id":"https:\/\/www.avlcz.cz\/luxusni-zazitek-pro-muze\/","headline":"Luxusn\u00ed z\u00e1\u017eitek pro mu\u017ee","url":"https:\/\/www.avlcz.cz\/luxusni-zazitek-pro-muze\/","datePublished":"2025-08-28","dateModified":"2025-08-28","mainEntityOfPage":"https:\/\/www.avlcz.cz\/luxusni-zazitek-pro-muze\/","author":{"@type":"Person","@id":"https:\/\/www.avlcz.cz\/author\/#Person","name":"","url":"https:\/\/www.avlcz.cz\/author\/","identifier":1,"image":{"@type":"ImageObject","@id":"https:\/\/secure.gravatar.com\/avatar\/591310831c6f562dead2685065c7bfb166baf64da6e0332ad9d0a2e9c6c14446?s=96&d=mm&r=g","url":"https:\/\/secure.gravatar.com\/avatar\/591310831c6f562dead2685065c7bfb166baf64da6e0332ad9d0a2e9c6c14446?s=96&d=mm&r=g","height":96,"width":96}},"publisher":{"@type":"Organization","name":"avlcz.cz","logo":{"@type":"ImageObject","@id":"\/logo.png","url":"\/logo.png","width":600,"height":60}},"image":null,"wordCount":296,"keywords":null},{"@type":"Article","@id":"https:\/\/www.avlcz.cz\/sportovni-fanousci-se-tesi-na-dalsi-turnaje\/","headline":"Sportovn\u00ed fanou\u0161ci se t\u011b\u0161\u00ed na dal\u0161\u00ed turnaje","url":"https:\/\/www.avlcz.cz\/sportovni-fanousci-se-tesi-na-dalsi-turnaje\/","datePublished":"2025-08-21","dateModified":"2025-08-21","mainEntityOfPage":"https:\/\/www.avlcz.cz\/sportovni-fanousci-se-tesi-na-dalsi-turnaje\/","author":{"@type":"Person","@id":"https:\/\/www.avlcz.cz\/author\/#Person","name":"","url":"https:\/\/www.avlcz.cz\/author\/","identifier":1,"image":{"@type":"ImageObject","@id":"https:\/\/secure.gravatar.com\/avatar\/591310831c6f562dead2685065c7bfb166baf64da6e0332ad9d0a2e9c6c14446?s=96&d=mm&r=g","url":"https:\/\/secure.gravatar.com\/avatar\/591310831c6f562dead2685065c7bfb166baf64da6e0332ad9d0a2e9c6c14446?s=96&d=mm&r=g","height":96,"width":96}},"publisher":{"@type":"Organization","name":"avlcz.cz","logo":{"@type":"ImageObject","@id":"\/logo.png","url":"\/logo.png","width":600,"height":60}},"image":null,"wordCount":215,"keywords":null},{"@type":"Article","@id":"https:\/\/www.avlcz.cz\/upravte-se-diky-damskemu-obleceni\/","headline":"Upravte se d\u00edky d\u00e1msk\u00e9mu oble\u010den\u00ed","url":"https:\/\/www.avlcz.cz\/upravte-se-diky-damskemu-obleceni\/","datePublished":"2025-08-15","dateModified":"2025-08-15","mainEntityOfPage":"https:\/\/www.avlcz.cz\/upravte-se-diky-damskemu-obleceni\/","author":{"@type":"Person","@id":"https:\/\/www.avlcz.cz\/author\/#Person","name":"","url":"https:\/\/www.avlcz.cz\/author\/","identifier":1,"image":{"@type":"ImageObject","@id":"https:\/\/secure.gravatar.com\/avatar\/591310831c6f562dead2685065c7bfb166baf64da6e0332ad9d0a2e9c6c14446?s=96&d=mm&r=g","url":"https:\/\/secure.gravatar.com\/avatar\/591310831c6f562dead2685065c7bfb166baf64da6e0332ad9d0a2e9c6c14446?s=96&d=mm&r=g","height":96,"width":96}},"publisher":{"@type":"Organization","name":"avlcz.cz","logo":{"@type":"ImageObject","@id":"\/logo.png","url":"\/logo.png","width":600,"height":60}},"image":null,"wordCount":220,"keywords":null},{"@type":"Article","@id":"https:\/\/www.avlcz.cz\/letni-pohoda\/","headline":"Letn\u00ed pohoda","url":"https:\/\/www.avlcz.cz\/letni-pohoda\/","datePublished":"2025-08-12","dateModified":"2025-08-12","mainEntityOfPage":"https:\/\/www.avlcz.cz\/letni-pohoda\/","author":{"@type":"Person","@id":"https:\/\/www.avlcz.cz\/author\/#Person","name":"","url":"https:\/\/www.avlcz.cz\/author\/","identifier":1,"image":{"@type":"ImageObject","@id":"https:\/\/secure.gravatar.com\/avatar\/591310831c6f562dead2685065c7bfb166baf64da6e0332ad9d0a2e9c6c14446?s=96&d=mm&r=g","url":"https:\/\/secure.gravatar.com\/avatar\/591310831c6f562dead2685065c7bfb166baf64da6e0332ad9d0a2e9c6c14446?s=96&d=mm&r=g","height":96,"width":96}},"publisher":{"@type":"Organization","name":"avlcz.cz","logo":{"@type":"ImageObject","@id":"\/logo.png","url":"\/logo.png","width":600,"height":60}},"image":{"@type":"ImageObject","@id":"https:\/\/www.avlcz.cz\/wp-content\/uploads\/vacation-8730314_640_1.png","url":"https:\/\/www.avlcz.cz\/wp-content\/uploads\/vacation-8730314_640_1.png","height":0,"width":0},"wordCount":700,"keywords":null},{"@type":"Article","@id":"https:\/\/www.avlcz.cz\/kvalita-ktera-se-vam-vyplati\/","headline":"Kvalita, kter\u00e1 se v\u00e1m vyplat\u00ed","url":"https:\/\/www.avlcz.cz\/kvalita-ktera-se-vam-vyplati\/","datePublished":"2025-08-11","dateModified":"2025-08-11","mainEntityOfPage":"https:\/\/www.avlcz.cz\/kvalita-ktera-se-vam-vyplati\/","author":{"@type":"Person","@id":"https:\/\/www.avlcz.cz\/author\/#Person","name":"","url":"https:\/\/www.avlcz.cz\/author\/","identifier":1,"image":{"@type":"ImageObject","@id":"https:\/\/secure.gravatar.com\/avatar\/591310831c6f562dead2685065c7bfb166baf64da6e0332ad9d0a2e9c6c14446?s=96&d=mm&r=g","url":"https:\/\/secure.gravatar.com\/avatar\/591310831c6f562dead2685065c7bfb166baf64da6e0332ad9d0a2e9c6c14446?s=96&d=mm&r=g","height":96,"width":96}},"publisher":{"@type":"Organization","name":"avlcz.cz","logo":{"@type":"ImageObject","@id":"\/logo.png","url":"\/logo.png","width":600,"height":60}},"image":null,"wordCount":206,"keywords":null},{"@type":"Article","@id":"https:\/\/www.avlcz.cz\/vybavte-sve-vozidlo-naplno\/","headline":"Vybavte sv\u00e9 vozidlo naplno","url":"https:\/\/www.avlcz.cz\/vybavte-sve-vozidlo-naplno\/","datePublished":"2025-08-07","dateModified":"2025-08-07","mainEntityOfPage":"https:\/\/www.avlcz.cz\/vybavte-sve-vozidlo-naplno\/","author":{"@type":"Person","@id":"https:\/\/www.avlcz.cz\/author\/#Person","name":"","url":"https:\/\/www.avlcz.cz\/author\/","identifier":1,"image":{"@type":"ImageObject","@id":"https:\/\/secure.gravatar.com\/avatar\/591310831c6f562dead2685065c7bfb166baf64da6e0332ad9d0a2e9c6c14446?s=96&d=mm&r=g","url":"https:\/\/secure.gravatar.com\/avatar\/591310831c6f562dead2685065c7bfb166baf64da6e0332ad9d0a2e9c6c14446?s=96&d=mm&r=g","height":96,"width":96}},"publisher":{"@type":"Organization","name":"avlcz.cz","logo":{"@type":"ImageObject","@id":"\/logo.png","url":"\/logo.png","width":600,"height":60}},"image":null,"wordCount":271,"keywords":null},{"@type":"Article","@id":"https:\/\/www.avlcz.cz\/neni-to-jen-marketingova-strategie\/","headline":"Nen\u00ed to jen marketingov\u00e1 strategie","url":"https:\/\/www.avlcz.cz\/neni-to-jen-marketingova-strategie\/","datePublished":"2025-08-01","dateModified":"2025-08-01","mainEntityOfPage":"https:\/\/www.avlcz.cz\/neni-to-jen-marketingova-strategie\/","author":{"@type":"Person","@id":"https:\/\/www.avlcz.cz\/author\/#Person","name":"","url":"https:\/\/www.avlcz.cz\/author\/","identifier":1,"image":{"@type":"ImageObject","@id":"https:\/\/secure.gravatar.com\/avatar\/591310831c6f562dead2685065c7bfb166baf64da6e0332ad9d0a2e9c6c14446?s=96&d=mm&r=g","url":"https:\/\/secure.gravatar.com\/avatar\/591310831c6f562dead2685065c7bfb166baf64da6e0332ad9d0a2e9c6c14446?s=96&d=mm&r=g","height":96,"width":96}},"publisher":{"@type":"Organization","name":"avlcz.cz","logo":{"@type":"ImageObject","@id":"\/logo.png","url":"\/logo.png","width":600,"height":60}},"image":null,"wordCount":190,"keywords":null},{"@type":"Article","@id":"https:\/\/www.avlcz.cz\/kosmeticka-si-vybere-vzdy-kvalitu\/","headline":"Kosmeti\u010dka si vybere v\u017edy kvalitu","url":"https:\/\/www.avlcz.cz\/kosmeticka-si-vybere-vzdy-kvalitu\/","datePublished":"2025-07-26","dateModified":"2025-07-26","mainEntityOfPage":"https:\/\/www.avlcz.cz\/kosmeticka-si-vybere-vzdy-kvalitu\/","author":{"@type":"Person","@id":"https:\/\/www.avlcz.cz\/author\/#Person","name":"","url":"https:\/\/www.avlcz.cz\/author\/","identifier":1,"image":{"@type":"ImageObject","@id":"https:\/\/secure.gravatar.com\/avatar\/591310831c6f562dead2685065c7bfb166baf64da6e0332ad9d0a2e9c6c14446?s=96&d=mm&r=g","url":"https:\/\/secure.gravatar.com\/avatar\/591310831c6f562dead2685065c7bfb166baf64da6e0332ad9d0a2e9c6c14446?s=96&d=mm&r=g","height":96,"width":96}},"publisher":{"@type":"Organization","name":"avlcz.cz","logo":{"@type":"ImageObject","@id":"\/logo.png","url":"\/logo.png","width":600,"height":60}},"image":null,"wordCount":260,"keywords":null},{"@type":"Article","@id":"https:\/\/www.avlcz.cz\/nakupy-ktere-budou-bavit\/","headline":"N\u00e1kupy, kter\u00e9 budou bavit","url":"https:\/\/www.avlcz.cz\/nakupy-ktere-budou-bavit\/","datePublished":"2025-07-20","dateModified":"2025-07-20","mainEntityOfPage":"https:\/\/www.avlcz.cz\/nakupy-ktere-budou-bavit\/","author":{"@type":"Person","@id":"https:\/\/www.avlcz.cz\/author\/#Person","name":"","url":"https:\/\/www.avlcz.cz\/author\/","identifier":1,"image":{"@type":"ImageObject","@id":"https:\/\/secure.gravatar.com\/avatar\/591310831c6f562dead2685065c7bfb166baf64da6e0332ad9d0a2e9c6c14446?s=96&d=mm&r=g","url":"https:\/\/secure.gravatar.com\/avatar\/591310831c6f562dead2685065c7bfb166baf64da6e0332ad9d0a2e9c6c14446?s=96&d=mm&r=g","height":96,"width":96}},"publisher":{"@type":"Organization","name":"avlcz.cz","logo":{"@type":"ImageObject","@id":"\/logo.png","url":"\/logo.png","width":600,"height":60}},"image":null,"wordCount":220,"keywords":null}]},{"@context":"https:\/\/schema.org","@type":"WebSite","@id":"https:\/\/www.avlcz.cz\/#website","name":"Avlcz","url":"https:\/\/www.avlcz.cz","potentialAction":{"@type":"SearchAction","target":"https:\/\/www.avlcz.cz\/?s={search_term_string}","query-input":"required name=search_term_string"}}]