{"@context":"https:\/\/schema.org\/","@type":"CollectionPage","@id":"https:\/\/www.avlcz.cz\/zvirata\/#CollectionPage","headline":"Zv\u00ed\u0159ata Category","description":"","url":"https:\/\/www.avlcz.cz\/zvirata\/","hasPart":[{"@type":"Article","@id":"https:\/\/www.avlcz.cz\/jezek-belobrichy-jako-domaci-mazlicek\/","headline":"Je\u017eek b\u011blob\u0159ich\u00fd jako dom\u00e1c\u00ed mazl\u00ed\u010dek","url":"https:\/\/www.avlcz.cz\/jezek-belobrichy-jako-domaci-mazlicek\/","datePublished":"2023-02-13","dateModified":"2023-02-13","mainEntityOfPage":"https:\/\/www.avlcz.cz\/jezek-belobrichy-jako-domaci-mazlicek\/","author":{"@type":"Person","@id":"https:\/\/www.avlcz.cz\/author\/#Person","name":"","url":"https:\/\/www.avlcz.cz\/author\/","identifier":1,"image":{"@type":"ImageObject","@id":"https:\/\/secure.gravatar.com\/avatar\/591310831c6f562dead2685065c7bfb166baf64da6e0332ad9d0a2e9c6c14446?s=96&d=mm&r=g","url":"https:\/\/secure.gravatar.com\/avatar\/591310831c6f562dead2685065c7bfb166baf64da6e0332ad9d0a2e9c6c14446?s=96&d=mm&r=g","height":96,"width":96}},"publisher":{"@type":"Organization","name":"avlcz.cz","logo":{"@type":"ImageObject","@id":"\/logo.png","url":"\/logo.png","width":600,"height":60}},"image":{"@type":"ImageObject","@id":"https:\/\/www.avlcz.cz\/wp-content\/uploads\/fjotm1am4xj61.jpg","url":"https:\/\/www.avlcz.cz\/wp-content\/uploads\/fjotm1am4xj61.jpg","height":0,"width":0},"keywords":null},{"@type":"Article","@id":"https:\/\/www.avlcz.cz\/4-zivocichove-z-hlubin-kteri-doopravdy-existuji\/","headline":"4 \u017eivo\u010dichov\u00e9 z hlubin, kte\u0159\u00ed doopravdy existuj\u00ed","url":"https:\/\/www.avlcz.cz\/4-zivocichove-z-hlubin-kteri-doopravdy-existuji\/","datePublished":"2019-09-14","dateModified":"2019-09-14","mainEntityOfPage":"https:\/\/www.avlcz.cz\/4-zivocichove-z-hlubin-kteri-doopravdy-existuji\/","author":{"@type":"Person","@id":"https:\/\/www.avlcz.cz\/author\/#Person","name":"","url":"https:\/\/www.avlcz.cz\/author\/","identifier":1,"image":{"@type":"ImageObject","@id":"https:\/\/secure.gravatar.com\/avatar\/591310831c6f562dead2685065c7bfb166baf64da6e0332ad9d0a2e9c6c14446?s=96&d=mm&r=g","url":"https:\/\/secure.gravatar.com\/avatar\/591310831c6f562dead2685065c7bfb166baf64da6e0332ad9d0a2e9c6c14446?s=96&d=mm&r=g","height":96,"width":96}},"publisher":{"@type":"Organization","name":"avlcz.cz","logo":{"@type":"ImageObject","@id":"\/logo.png","url":"\/logo.png","width":600,"height":60}},"image":{"@type":"ImageObject","@id":"https:\/\/www.avlcz.cz\/wp-content\/uploads\/img_a354487_w3149_t1568990163.jpg","url":"https:\/\/www.avlcz.cz\/wp-content\/uploads\/img_a354487_w3149_t1568990163.jpg","height":0,"width":0},"keywords":null},{"@type":"Article","@id":"https:\/\/www.avlcz.cz\/na-krmitku-se-objevuji-sykorky-i-vrabci\/","headline":"Na krm\u00edtku se objevuj\u00ed s\u00fdkorky i vrabci","url":"https:\/\/www.avlcz.cz\/na-krmitku-se-objevuji-sykorky-i-vrabci\/","datePublished":"2018-12-11","dateModified":"2018-12-11","mainEntityOfPage":"https:\/\/www.avlcz.cz\/na-krmitku-se-objevuji-sykorky-i-vrabci\/","author":{"@type":"Person","@id":"https:\/\/www.avlcz.cz\/author\/#Person","name":"","url":"https:\/\/www.avlcz.cz\/author\/","identifier":1,"image":{"@type":"ImageObject","@id":"https:\/\/secure.gravatar.com\/avatar\/591310831c6f562dead2685065c7bfb166baf64da6e0332ad9d0a2e9c6c14446?s=96&d=mm&r=g","url":"https:\/\/secure.gravatar.com\/avatar\/591310831c6f562dead2685065c7bfb166baf64da6e0332ad9d0a2e9c6c14446?s=96&d=mm&r=g","height":96,"width":96}},"publisher":{"@type":"Organization","name":"avlcz.cz","logo":{"@type":"ImageObject","@id":"\/logo.png","url":"\/logo.png","width":600,"height":60}},"image":{"@type":"ImageObject","@id":"https:\/\/www.avlcz.cz\/wp-content\/uploads\/img_a336504_w2802_t1549909122.jpg","url":"https:\/\/www.avlcz.cz\/wp-content\/uploads\/img_a336504_w2802_t1549909122.jpg","height":0,"width":0},"keywords":null},{"@type":"Article","@id":"https:\/\/www.avlcz.cz\/co-vyzkouset-zakrsleho-kralicka\/","headline":"Co vyzkou\u0161et zakrsl\u00e9ho kr\u00e1l\u00ed\u010dka?","url":"https:\/\/www.avlcz.cz\/co-vyzkouset-zakrsleho-kralicka\/","datePublished":"2017-12-05","dateModified":"2017-12-05","mainEntityOfPage":"https:\/\/www.avlcz.cz\/co-vyzkouset-zakrsleho-kralicka\/","author":{"@type":"Person","@id":"https:\/\/www.avlcz.cz\/author\/#Person","name":"","url":"https:\/\/www.avlcz.cz\/author\/","identifier":1,"image":{"@type":"ImageObject","@id":"https:\/\/secure.gravatar.com\/avatar\/591310831c6f562dead2685065c7bfb166baf64da6e0332ad9d0a2e9c6c14446?s=96&d=mm&r=g","url":"https:\/\/secure.gravatar.com\/avatar\/591310831c6f562dead2685065c7bfb166baf64da6e0332ad9d0a2e9c6c14446?s=96&d=mm&r=g","height":96,"width":96}},"publisher":{"@type":"Organization","name":"avlcz.cz","logo":{"@type":"ImageObject","@id":"\/logo.png","url":"\/logo.png","width":600,"height":60}},"image":{"@type":"ImageObject","@id":"https:\/\/www.avlcz.cz\/wp-content\/uploads\/img_a306578_w2366_t1517858025.jpg","url":"https:\/\/www.avlcz.cz\/wp-content\/uploads\/img_a306578_w2366_t1517858025.jpg","height":0,"width":0},"keywords":null}]}