[{"@context":"https:\/\/schema.org\/","@type":"Article","@id":"https:\/\/www.avlcz.cz\/vyjit-si-ven-bez-pradla\/#Article","mainEntityOfPage":"https:\/\/www.avlcz.cz\/vyjit-si-ven-bez-pradla\/","headline":"Vyj\u00edt si ven bez pr\u00e1dla","name":"Vyj\u00edt si ven bez pr\u00e1dla","description":"Jako spole\u010dnost m\u00e1me r\u016fzn\u00e9 z\u00e1sady, kter\u00e9 bychom m\u011bli dodr\u017eovat. Lid\u00e9 si ur\u010dili n\u011bjak\u00e1 pravidla, kter\u00e1 maj\u00ed spole\u010dnost odli\u0161ovat od ostatn\u00edch tvor\u016f, se kter\u00fdmi sd\u00edl\u00edme planetu. M\u011bli bychom se chovat kultivovan\u011b, a proto m\u00e1me dodr\u017eovat nap\u0159\u00edklad i pravidla ohledn\u011b chov\u00e1n\u00ed na ve\u0159ejnosti a ohledn\u011b oble\u010den\u00ed. Jakkoliv se to n\u011bkomu nemus\u00ed l\u00edbit, m\u011bli bychom chodit obl\u00e9kan\u00ed \u00fam\u011brn\u011b [&hellip;]","datePublished":"2023-06-27","dateModified":"2024-04-18","author":{"@type":"Person","@id":"https:\/\/www.avlcz.cz\/author\/#Person","name":"","url":"https:\/\/www.avlcz.cz\/author\/","identifier":1,"image":{"@type":"ImageObject","@id":"https:\/\/secure.gravatar.com\/avatar\/591310831c6f562dead2685065c7bfb166baf64da6e0332ad9d0a2e9c6c14446?s=96&d=mm&r=g","url":"https:\/\/secure.gravatar.com\/avatar\/591310831c6f562dead2685065c7bfb166baf64da6e0332ad9d0a2e9c6c14446?s=96&d=mm&r=g","height":96,"width":96}},"publisher":{"@type":"Organization","name":"avlcz.cz","logo":{"@type":"ImageObject","@id":"\/logo.png","url":"\/logo.png","width":600,"height":60}},"image":{"@type":"ImageObject","@id":"https:\/\/www.avlcz.cz\/wp-content\/uploads\/bra-3873760_640_10_5.jpg","url":"https:\/\/www.avlcz.cz\/wp-content\/uploads\/bra-3873760_640_10_5.jpg","height":0,"width":0},"url":"https:\/\/www.avlcz.cz\/vyjit-si-ven-bez-pradla\/","about":["Podnik\u00e1n\u00ed"],"wordCount":414,"articleBody":"   Jako spole\u010dnost m\u00e1me r\u016fzn\u00e9 z\u00e1sady, kter\u00e9 bychom m\u011bli dodr\u017eovat. Lid\u00e9 si ur\u010dili n\u011bjak\u00e1 pravidla, kter\u00e1 maj\u00ed spole\u010dnost odli\u0161ovat od ostatn\u00edch tvor\u016f, se kter\u00fdmi sd\u00edl\u00edme planetu. M\u011bli bychom se chovat kultivovan\u011b, a proto m\u00e1me dodr\u017eovat nap\u0159\u00edklad i pravidla ohledn\u011b chov\u00e1n\u00ed na ve\u0159ejnosti a ohledn\u011b oble\u010den\u00ed. Jakkoliv se to n\u011bkomu nemus\u00ed l\u00edbit, m\u011bli bychom chodit obl\u00e9kan\u00ed \u00fam\u011brn\u011b tomu kam se chyst\u00e1me j\u00edt, kolik je n\u00e1m let, jak\u00e9 je na\u0161e spole\u010densk\u00e9 postaven\u00ed a podobn\u011b.Do divadla v tepl\u00e1c\u00edch? Tepl\u00e1ky a podobn\u00e9 oble\u010den\u00ed d\u0159\u00edve ven rozhodn\u011b nepat\u0159ilo a i doma se nosilo jen v\u00fdjime\u010dn\u011b. D\u0159\u00edve se lid\u00e9 obl\u00e9kali jinak, kde\u017eto dnes vid\u00edme mlad\u0161\u00ed sle\u010dny jak nos\u00ed t\u00edlka do p\u016fli pasu a \u0161ortky za\u0159ezan\u00e9 v h\u00fd\u017ed\u00edch. Je na rodi\u010d\u00edch co sv\u00fdm dcer\u00e1m dovol\u00ed, ale st\u00e1le bychom m\u011bli m\u00edt na pam\u011bti, \u017ee ur\u010den\u00e1 pravidla nem\u00e1me jen tak n\u00e1hodou. Kdy\u017e ve m\u011bst\u011b potk\u00e1me mu\u017ee bez tri\u010dka, dnes u\u017e se nad t\u00edm nikdo nepozastav\u00ed, ale jakmile vid\u00edme \u017eenu v tri\u010dku bez podprsenky https:\/\/www.lifties.cz\/, v\u0161imne si toho hned ka\u017ed\u00fd.Je podprsenka d\u016fle\u017eit\u00e1? Vyn\u00e1lez podprsenky byl pro mnoho \u017een d\u016fle\u017eit\u00fd. Cel\u00e1 \u0159ada \u017een si bez n\u00ed dnes neum\u00ed p\u0159edstavit \u017eivot, proto\u017ee zakr\u00fdv\u00e1 prsa, kter\u00e1 b\u011bhem let z\u00edskala sexu\u00e1ln\u00ed podtext. \u010c\u00e1st \u017een se styd\u00ed i v nejv\u011bt\u0161\u00edch vedrech tento kus od\u011bvu odlo\u017eit a tak rad\u011bji chod\u00ed st\u00e1le v podprsence a riskuj\u00ed vznik opruzenin. Jen m\u00e1lokter\u00e1 \u017eena m\u00e1 toti\u017e podprsenku ve spr\u00e1vn\u00e9 velikosti, a cokoliv men\u0161\u00edho nebo i v\u011bt\u0161\u00edho se t\u0159e o poko\u017eku, kde n\u00e1sledn\u011b vznikaj\u00ed opruzeniny. Ty bol\u00ed, v l\u00e9t\u011b se \u0161patn\u011b hoj\u00ed, a daleko lep\u0161\u00ed by bylo, kdyby \u017eeny mohly svobodn\u011b chodit bez n\u00ed. Jen\u017ee kv\u016fli studu si to dovol\u00ed m\u00e1lokter\u00e1. N\u011bkdy je lep\u0161\u00ed na pravidla ka\u0161lat a ud\u011blat si svoje vlastn\u00ed. Vid\u011bt \u017eenu bez podprsenky nen\u00ed p\u0159ece nic tak stra\u0161n\u00e9ho, tak pro\u010d nenechat \u017eeny, aby se samy svobodn\u011b rozhodly, jestli ji budou nosit a nebo ji nechaj\u00ed v \u0161upl\u00edku alespo\u0148 v l\u00e9t\u011b?                                                                                                                                                                                                                                                                                                                                                                                          5\/5 - (6 votes)        "},{"@context":"https:\/\/schema.org\/","@type":"BreadcrumbList","itemListElement":[{"@type":"ListItem","position":1,"name":"Vyj\u00edt si ven bez pr\u00e1dla","item":"https:\/\/www.avlcz.cz\/vyjit-si-ven-bez-pradla\/#breadcrumbitem"}]}]