[{"@context":"https:\/\/schema.org\/","@type":"Article","@id":"https:\/\/www.avlcz.cz\/ubytovani-s-detmi-v-dolni-morave-nemusi-byt-zadna-nuda\/#Article","mainEntityOfPage":"https:\/\/www.avlcz.cz\/ubytovani-s-detmi-v-dolni-morave-nemusi-byt-zadna-nuda\/","headline":"Ubytov\u00e1n\u00ed s d\u011btmi v Doln\u00ed Morav\u011b nemus\u00ed b\u00fdt \u017e\u00e1dn\u00e1 nuda","name":"Ubytov\u00e1n\u00ed s d\u011btmi v Doln\u00ed Morav\u011b nemus\u00ed b\u00fdt \u017e\u00e1dn\u00e1 nuda","description":"Zabavit d\u011bti na dovolen\u00e9 j n\u011bkdy docela obt\u00ed\u017en\u00fd \u00fakol i pro zku\u0161en\u00e9 matadory, kte\u0159\u00ed pro druh\u00e9 organizuj\u00ed r\u016fzn\u00e9 v\u00fdpravy, sportovn\u00ed soust\u0159ed\u011bn\u00ed a dovolenkov\u00e9 pobyty. D\u011bti toti\u017e vy\u017eaduj\u00ed sv\u00fdm zp\u016fsobem odli\u0161n\u00fd p\u0159\u00edstup, kter\u00fd se tak\u00e9 odv\u00edj\u00ed od jejich v\u011bku \u010di pohlav\u00ed. Mal\u00e9 d\u011bti zabav\u00edte sn\u00e1z, ty v\u011bt\u0161inou pozitivn\u011b vn\u00edmaj\u00ed ka\u017ed\u00fd moment, kdy s nimi podniknete jen [&hellip;]","datePublished":"2022-07-08","dateModified":"2022-07-08","author":{"@type":"Person","@id":"https:\/\/www.avlcz.cz\/author\/#Person","name":"","url":"https:\/\/www.avlcz.cz\/author\/","identifier":1,"image":{"@type":"ImageObject","@id":"https:\/\/secure.gravatar.com\/avatar\/591310831c6f562dead2685065c7bfb166baf64da6e0332ad9d0a2e9c6c14446?s=96&d=mm&r=g","url":"https:\/\/secure.gravatar.com\/avatar\/591310831c6f562dead2685065c7bfb166baf64da6e0332ad9d0a2e9c6c14446?s=96&d=mm&r=g","height":96,"width":96}},"publisher":{"@type":"Organization","name":"avlcz.cz","logo":{"@type":"ImageObject","@id":"\/logo.png","url":"\/logo.png","width":600,"height":60}},"image":{"@type":"ImageObject","@id":"https:\/\/www.avlcz.cz\/wp-content\/uploads\/country-4406297_640_3.jpg","url":"https:\/\/www.avlcz.cz\/wp-content\/uploads\/country-4406297_640_3.jpg","height":0,"width":0},"url":"https:\/\/www.avlcz.cz\/ubytovani-s-detmi-v-dolni-morave-nemusi-byt-zadna-nuda\/","wordCount":415,"articleBody":"       Zabavit d\u011bti na dovolen\u00e9 j n\u011bkdy docela obt\u00ed\u017en\u00fd \u00fakol i pro zku\u0161en\u00e9 matadory, kte\u0159\u00ed pro druh\u00e9 organizuj\u00ed r\u016fzn\u00e9 v\u00fdpravy, sportovn\u00ed soust\u0159ed\u011bn\u00ed a dovolenkov\u00e9 pobyty. D\u011bti toti\u017e vy\u017eaduj\u00ed sv\u00fdm zp\u016fsobem odli\u0161n\u00fd p\u0159\u00edstup, kter\u00fd se tak\u00e9 odv\u00edj\u00ed od jejich v\u011bku \u010di pohlav\u00ed. Mal\u00e9 d\u011bti zabav\u00edte sn\u00e1z, ty v\u011bt\u0161inou pozitivn\u011b vn\u00edmaj\u00ed ka\u017ed\u00fd moment, kdy s nimi podniknete jen pouh\u00fd v\u00fdlet do p\u0159\u00edrody, ov\u0161em star\u0161\u00ed d\u011bti se mohou s v\u00e1mi za\u010d\u00edt nudit a mo\u017en\u00e1 si budou cht\u00edt vytvo\u0159it z\u00e1bavu po sv\u00e9m. Co jim nab\u00eddnout v p\u0159\u00edpad\u011b ubytov\u00e1n\u00ed s d\u011btmi v Doln\u00ed Morav\u011b?Zkuste to se stezkou v oblac\u00edch \u2013 ta by je mohla zaujmout, proto\u017ee je vystav\u011bna relativn\u011b vysoko nad zem\u00ed a je odtud zaj\u00edmav\u00fd v\u00fdhled do okoln\u00ed krajiny. Doln\u00ed Morava se nach\u00e1z\u00ed v oblasti, kde se st\u0159et\u00e1vaj\u00ed okraje t\u0159\u00ed poho\u0159\u00ed \u2013 Kr\u00e1lick\u00e9ho Sn\u011b\u017en\u00edku, Jesen\u00edk\u016f a Orlick\u00fdch hor, a tohoto v\u00fdhodn\u00e9ho postaven\u00ed byste mohli vyu\u017e\u00edt k dal\u0161\u00edm v\u00fdlet\u016fm.Prad\u011bd \u2013 usedn\u011bte do auta a vydejte se na nejvy\u0161\u0161\u00ed horu Moravy \u2013 Prad\u011bd. Nen\u00ed odtud daleko, p\u0159ibli\u017en\u011b 70 km, co\u017e je asi p\u016fl druh\u00e9 hodiny j\u00edzdy autem. V\u00fdlet stoj\u00ed za to, pokud je slune\u010dn\u00e9 po\u010das\u00ed a vymeten\u00e9 nebe, s v\u00fdbornou dohlednost\u00ed, proto\u017ee z rozhledny na Prad\u011bdu je pohled na horsk\u00e9 str\u00e1n\u011b skute\u010dn\u011b zaj\u00edmav\u00fd.Dlouh\u00e9 Str\u00e1n\u011b \u2013 v katastru obce Lou\u010dn\u00e1 nad Desnou, kter\u00e1 je vzd\u00e1lena od Doln\u00ed Moravy asi hodinu j\u00edzdy autem, se nach\u00e1z\u00ed skute\u010dn\u011b impozantn\u00ed stavba \u2013 p\u0159e\u010derp\u00e1vac\u00ed vodn\u00ed elektr\u00e1rna Dlouh\u00e9 Str\u00e1n\u011b. Tuto stavbu si nenechte uj\u00edt, pat\u0159\u00ed ke sv\u011btov\u00fdm unik\u00e1t\u016fm a prohl\u00eddku vodn\u00edho d\u00edla si m\u016f\u017eete zarezervovat p\u0159\u00edmo na webov\u00fdch str\u00e1nk\u00e1ch.Cykloturistika \u2013 pokud nejste leniv\u00ed, j\u00edzda na kole v\u00e1m tu prosp\u011bje. Kola se v Doln\u00ed Morav\u011b daj\u00ed pronajmout, i kdy\u017e je samoz\u0159ejm\u011b v\u00fdhodn\u011bj\u0161\u00ed m\u00edt kola vlastn\u00ed. Cyklistick\u00fdch tras je v okol\u00ed nep\u0159ebern\u00e9 mno\u017estv\u00ed, m\u016f\u017eete autem popojet i d\u00e1l a sv\u00e9zt se t\u0159eba po n\u00e1vr\u0161\u00ed Orlick\u00fdch hor z Velk\u00e9 De\u0161tn\u00e9 a\u017e do Barto\u0161ovic v Orlick\u00fdch hor\u00e1ch.                                                                                                                                                                                                                                                                                                                                                                                          4.7\/5 - (4 votes)        "},{"@context":"https:\/\/schema.org\/","@type":"BreadcrumbList","itemListElement":[{"@type":"ListItem","position":1,"name":"Ubytov\u00e1n\u00ed s d\u011btmi v Doln\u00ed Morav\u011b nemus\u00ed b\u00fdt \u017e\u00e1dn\u00e1 nuda","item":"https:\/\/www.avlcz.cz\/ubytovani-s-detmi-v-dolni-morave-nemusi-byt-zadna-nuda\/#breadcrumbitem"}]}]