[{"@context":"https:\/\/schema.org\/","@type":"Article","@id":"https:\/\/www.avlcz.cz\/radostna-rekreace-v-lete-i-v-zime\/#Article","mainEntityOfPage":"https:\/\/www.avlcz.cz\/radostna-rekreace-v-lete-i-v-zime\/","headline":"Radostn\u00e1 rekreace v l\u00e9t\u011b i v zim\u011b","name":"Radostn\u00e1 rekreace v l\u00e9t\u011b i v zim\u011b","description":"Pokud v\u00e1s tr\u00e1p\u00ed skute\u010dnost, \u017ee nem\u00e1te kam jet na chatu, i kdy\u017e byste moc cht\u011bli, pak nen\u00ed nic lep\u0161\u00edho, ne\u017e si po\u0159\u00eddit b\u00e1je\u010dnou alternativu. Tou budou mobiln\u00ed domy, kter\u00e9 jsou v modern\u00ed dob\u011b skute\u010dn\u011b roz\u0161\u00ed\u0159enou z\u00e1le\u017eitost\u00ed. Nen\u00ed se tak\u00e9 \u010demu divit. Za velmi n\u00edzk\u00e9 ceny si budete moci dop\u0159\u00e1t luxusn\u00ed objekt, kter\u00fd v\u00e1m nab\u00eddne plno [&hellip;]","datePublished":"2025-01-26","dateModified":"2025-01-26","author":{"@type":"Person","@id":"https:\/\/www.avlcz.cz\/author\/#Person","name":"","url":"https:\/\/www.avlcz.cz\/author\/","identifier":1,"image":{"@type":"ImageObject","@id":"https:\/\/secure.gravatar.com\/avatar\/591310831c6f562dead2685065c7bfb166baf64da6e0332ad9d0a2e9c6c14446?s=96&d=mm&r=g","url":"https:\/\/secure.gravatar.com\/avatar\/591310831c6f562dead2685065c7bfb166baf64da6e0332ad9d0a2e9c6c14446?s=96&d=mm&r=g","height":96,"width":96}},"publisher":{"@type":"Organization","name":"avlcz.cz","logo":{"@type":"ImageObject","@id":"\/logo.png","url":"\/logo.png","width":600,"height":60}},"url":"https:\/\/www.avlcz.cz\/radostna-rekreace-v-lete-i-v-zime\/","wordCount":172,"articleBody":"Pokud v\u00e1s tr\u00e1p\u00ed skute\u010dnost, \u017ee nem\u00e1te kam jet na chatu, i kdy\u017e byste moc cht\u011bli, pak nen\u00ed nic lep\u0161\u00edho, ne\u017e si po\u0159\u00eddit b\u00e1je\u010dnou alternativu. Tou budou mobiln\u00ed domy, kter\u00e9 jsou v modern\u00ed dob\u011b skute\u010dn\u011b roz\u0161\u00ed\u0159enou z\u00e1le\u017eitost\u00ed. Nen\u00ed se tak\u00e9 \u010demu divit. Za velmi n\u00edzk\u00e9 ceny si budete moci dop\u0159\u00e1t luxusn\u00ed objekt, kter\u00fd v\u00e1m nab\u00eddne plno pohodl\u00ed, ale tak\u00e9 minimum \u00fadr\u017eby. To v\u0161e za minim\u00e1ln\u00ed ceny. Rozhodn\u011b to stoj\u00ed za vyzkou\u0161en\u00ed, a proto nev\u00e1hejte ani chv\u00edli. Pro spokojen\u00e9 bydlen\u00ed Stejn\u011b tak je toto mo\u017enost pro ty, kte\u0159\u00ed cht\u011bj\u00ed za\u010d\u00edt kvalitn\u011b bydlet. Nemus\u00ed se to zd\u00e1t, ale z venku male vypadaj\u00edc\u00ed objekt nab\u00edz\u00ed velmi prostorn\u00fd byt, kter\u00fd by v\u00e1m mohli mnoz\u00ed z\u00e1vid\u011bt. Proto si sta\u010d\u00ed vybrat z nejr\u016fzn\u011bj\u0161\u00edch variant a rozm\u011br\u016f mobiln\u00edch dom\u016f a m\u016f\u017eete za\u010d\u00edt bydlet t\u00edmto zp\u016fsobem i vy.                                                                                                                                                                                                                                                                                                                                                                                        3.7\/5 - (3 votes)        "},{"@context":"https:\/\/schema.org\/","@type":"BreadcrumbList","itemListElement":[{"@type":"ListItem","position":1,"name":"Radostn\u00e1 rekreace v l\u00e9t\u011b i v zim\u011b","item":"https:\/\/www.avlcz.cz\/radostna-rekreace-v-lete-i-v-zime\/#breadcrumbitem"}]}]