{"@context":"https:\/\/schema.org\/","@type":"CollectionPage","@id":"https:\/\/www.avlcz.cz\/produkty\/#CollectionPage","headline":"Produkty Category","description":"","url":"https:\/\/www.avlcz.cz\/produkty\/","hasPart":[{"@type":"Article","@id":"https:\/\/www.avlcz.cz\/je-vhodne-kupovat-ty-nejlevnejsi-elektrocentraly\/","headline":"Je vhodn\u00e9 kupovat ty nejlevn\u011bj\u0161\u00ed elektrocentr\u00e1ly?","url":"https:\/\/www.avlcz.cz\/je-vhodne-kupovat-ty-nejlevnejsi-elektrocentraly\/","datePublished":"2021-03-19","dateModified":"2023-10-20","mainEntityOfPage":"https:\/\/www.avlcz.cz\/je-vhodne-kupovat-ty-nejlevnejsi-elektrocentraly\/","author":{"@type":"Person","@id":"https:\/\/www.avlcz.cz\/author\/#Person","name":"","url":"https:\/\/www.avlcz.cz\/author\/","identifier":1,"image":{"@type":"ImageObject","@id":"https:\/\/secure.gravatar.com\/avatar\/591310831c6f562dead2685065c7bfb166baf64da6e0332ad9d0a2e9c6c14446?s=96&d=mm&r=g","url":"https:\/\/secure.gravatar.com\/avatar\/591310831c6f562dead2685065c7bfb166baf64da6e0332ad9d0a2e9c6c14446?s=96&d=mm&r=g","height":96,"width":96}},"publisher":{"@type":"Organization","name":"avlcz.cz","logo":{"@type":"ImageObject","@id":"\/logo.png","url":"\/logo.png","width":600,"height":60}},"image":{"@type":"ImageObject","@id":"https:\/\/www.avlcz.cz\/wp-content\/uploads\/elektrikar2_7.jpg","url":"https:\/\/www.avlcz.cz\/wp-content\/uploads\/elektrikar2_7.jpg","height":0,"width":0},"keywords":null},{"@type":"Article","@id":"https:\/\/www.avlcz.cz\/betonove-ploty-jsou-k-nezaplaceni\/","headline":"Betonov\u00e9 ploty jsou k nezaplacen\u00ed","url":"https:\/\/www.avlcz.cz\/betonove-ploty-jsou-k-nezaplaceni\/","datePublished":"2020-12-22","dateModified":"2020-12-22","mainEntityOfPage":"https:\/\/www.avlcz.cz\/betonove-ploty-jsou-k-nezaplaceni\/","author":{"@type":"Person","@id":"https:\/\/www.avlcz.cz\/author\/#Person","name":"","url":"https:\/\/www.avlcz.cz\/author\/","identifier":1,"image":{"@type":"ImageObject","@id":"https:\/\/secure.gravatar.com\/avatar\/591310831c6f562dead2685065c7bfb166baf64da6e0332ad9d0a2e9c6c14446?s=96&d=mm&r=g","url":"https:\/\/secure.gravatar.com\/avatar\/591310831c6f562dead2685065c7bfb166baf64da6e0332ad9d0a2e9c6c14446?s=96&d=mm&r=g","height":96,"width":96}},"publisher":{"@type":"Organization","name":"avlcz.cz","logo":{"@type":"ImageObject","@id":"\/logo.png","url":"\/logo.png","width":600,"height":60}},"image":{"@type":"ImageObject","@id":"https:\/\/www.avlcz.cz\/wp-content\/uploads\/ploty%20(3).jpg","url":"https:\/\/www.avlcz.cz\/wp-content\/uploads\/ploty%20(3).jpg","height":0,"width":0},"keywords":null},{"@type":"Article","@id":"https:\/\/www.avlcz.cz\/krasa-strida-nadheru\/","headline":"Kr\u00e1sa st\u0159\u00edd\u00e1 n\u00e1dheru","url":"https:\/\/www.avlcz.cz\/krasa-strida-nadheru\/","datePublished":"2020-11-10","dateModified":"2023-05-02","mainEntityOfPage":"https:\/\/www.avlcz.cz\/krasa-strida-nadheru\/","author":{"@type":"Person","@id":"https:\/\/www.avlcz.cz\/author\/#Person","name":"","url":"https:\/\/www.avlcz.cz\/author\/","identifier":1,"image":{"@type":"ImageObject","@id":"https:\/\/secure.gravatar.com\/avatar\/591310831c6f562dead2685065c7bfb166baf64da6e0332ad9d0a2e9c6c14446?s=96&d=mm&r=g","url":"https:\/\/secure.gravatar.com\/avatar\/591310831c6f562dead2685065c7bfb166baf64da6e0332ad9d0a2e9c6c14446?s=96&d=mm&r=g","height":96,"width":96}},"publisher":{"@type":"Organization","name":"avlcz.cz","logo":{"@type":"ImageObject","@id":"\/logo.png","url":"\/logo.png","width":600,"height":60}},"image":null,"keywords":null},{"@type":"Article","@id":"https:\/\/www.avlcz.cz\/novy-iphone-se-2020\/","headline":"Nov\u00fd iPhone SE 2020","url":"https:\/\/www.avlcz.cz\/novy-iphone-se-2020\/","datePublished":"2020-10-19","dateModified":"2020-10-19","mainEntityOfPage":"https:\/\/www.avlcz.cz\/novy-iphone-se-2020\/","author":{"@type":"Person","@id":"https:\/\/www.avlcz.cz\/author\/#Person","name":"","url":"https:\/\/www.avlcz.cz\/author\/","identifier":1,"image":{"@type":"ImageObject","@id":"https:\/\/secure.gravatar.com\/avatar\/591310831c6f562dead2685065c7bfb166baf64da6e0332ad9d0a2e9c6c14446?s=96&d=mm&r=g","url":"https:\/\/secure.gravatar.com\/avatar\/591310831c6f562dead2685065c7bfb166baf64da6e0332ad9d0a2e9c6c14446?s=96&d=mm&r=g","height":96,"width":96}},"publisher":{"@type":"Organization","name":"avlcz.cz","logo":{"@type":"ImageObject","@id":"\/logo.png","url":"\/logo.png","width":600,"height":60}},"image":{"@type":"ImageObject","@id":"https:\/\/www.avlcz.cz\/wp-content\/uploads\/focen%C3%AD%20mobilem_1.jpg","url":"https:\/\/www.avlcz.cz\/wp-content\/uploads\/focen%C3%AD%20mobilem_1.jpg","height":0,"width":0},"keywords":null},{"@type":"Article","@id":"https:\/\/www.avlcz.cz\/hudebni-tabor\/","headline":"Hudebn\u00ed t\u00e1bor","url":"https:\/\/www.avlcz.cz\/hudebni-tabor\/","datePublished":"2020-10-13","dateModified":"2023-09-01","mainEntityOfPage":"https:\/\/www.avlcz.cz\/hudebni-tabor\/","author":{"@type":"Person","@id":"https:\/\/www.avlcz.cz\/author\/#Person","name":"","url":"https:\/\/www.avlcz.cz\/author\/","identifier":1,"image":{"@type":"ImageObject","@id":"https:\/\/secure.gravatar.com\/avatar\/591310831c6f562dead2685065c7bfb166baf64da6e0332ad9d0a2e9c6c14446?s=96&d=mm&r=g","url":"https:\/\/secure.gravatar.com\/avatar\/591310831c6f562dead2685065c7bfb166baf64da6e0332ad9d0a2e9c6c14446?s=96&d=mm&r=g","height":96,"width":96}},"publisher":{"@type":"Organization","name":"avlcz.cz","logo":{"@type":"ImageObject","@id":"\/logo.png","url":"\/logo.png","width":600,"height":60}},"image":{"@type":"ImageObject","@id":"https:\/\/www.avlcz.cz\/wp-content\/uploads\/zp%C3%ADvaj%C3%ADc%C3%AD%20kluk.png","url":"https:\/\/www.avlcz.cz\/wp-content\/uploads\/zp%C3%ADvaj%C3%ADc%C3%AD%20kluk.png","height":0,"width":0},"keywords":null},{"@type":"Article","@id":"https:\/\/www.avlcz.cz\/jak-osetrovat-drevo-v-exterieru\/","headline":"Jak o\u0161et\u0159ovat d\u0159evo v exteri\u00e9ru?","url":"https:\/\/www.avlcz.cz\/jak-osetrovat-drevo-v-exterieru\/","datePublished":"2020-08-08","dateModified":"2023-12-13","mainEntityOfPage":"https:\/\/www.avlcz.cz\/jak-osetrovat-drevo-v-exterieru\/","author":{"@type":"Person","@id":"https:\/\/www.avlcz.cz\/author\/#Person","name":"","url":"https:\/\/www.avlcz.cz\/author\/","identifier":1,"image":{"@type":"ImageObject","@id":"https:\/\/secure.gravatar.com\/avatar\/591310831c6f562dead2685065c7bfb166baf64da6e0332ad9d0a2e9c6c14446?s=96&d=mm&r=g","url":"https:\/\/secure.gravatar.com\/avatar\/591310831c6f562dead2685065c7bfb166baf64da6e0332ad9d0a2e9c6c14446?s=96&d=mm&r=g","height":96,"width":96}},"publisher":{"@type":"Organization","name":"avlcz.cz","logo":{"@type":"ImageObject","@id":"\/logo.png","url":"\/logo.png","width":600,"height":60}},"image":{"@type":"ImageObject","@id":"https:\/\/www.avlcz.cz\/wp-content\/uploads\/d%C5%99ev%C4%9Bn%C3%A1%20lavi%C4%8Dka_2.jpg","url":"https:\/\/www.avlcz.cz\/wp-content\/uploads\/d%C5%99ev%C4%9Bn%C3%A1%20lavi%C4%8Dka_2.jpg","height":0,"width":0},"keywords":null},{"@type":"Article","@id":"https:\/\/www.avlcz.cz\/moderni-stan-pro-deti\/","headline":"Modern\u00ed stan pro d\u011bti","url":"https:\/\/www.avlcz.cz\/moderni-stan-pro-deti\/","datePublished":"2020-07-17","dateModified":"2020-07-17","mainEntityOfPage":"https:\/\/www.avlcz.cz\/moderni-stan-pro-deti\/","author":{"@type":"Person","@id":"https:\/\/www.avlcz.cz\/author\/#Person","name":"","url":"https:\/\/www.avlcz.cz\/author\/","identifier":1,"image":{"@type":"ImageObject","@id":"https:\/\/secure.gravatar.com\/avatar\/591310831c6f562dead2685065c7bfb166baf64da6e0332ad9d0a2e9c6c14446?s=96&d=mm&r=g","url":"https:\/\/secure.gravatar.com\/avatar\/591310831c6f562dead2685065c7bfb166baf64da6e0332ad9d0a2e9c6c14446?s=96&d=mm&r=g","height":96,"width":96}},"publisher":{"@type":"Organization","name":"avlcz.cz","logo":{"@type":"ImageObject","@id":"\/logo.png","url":"\/logo.png","width":600,"height":60}},"image":{"@type":"ImageObject","@id":"https:\/\/www.avlcz.cz\/wp-content\/uploads\/stan%20d%C3%ADt%C4%9B.jpg","url":"https:\/\/www.avlcz.cz\/wp-content\/uploads\/stan%20d%C3%ADt%C4%9B.jpg","height":0,"width":0},"keywords":null},{"@type":"Article","@id":"https:\/\/www.avlcz.cz\/vyzdobte-svemu-diteti-pokoj-tak-jak-si-preje\/","headline":"Vyzdobte sv\u00e9mu d\u00edt\u011bti pokoj tak, jak si p\u0159eje","url":"https:\/\/www.avlcz.cz\/vyzdobte-svemu-diteti-pokoj-tak-jak-si-preje\/","datePublished":"2020-02-24","dateModified":"2023-05-02","mainEntityOfPage":"https:\/\/www.avlcz.cz\/vyzdobte-svemu-diteti-pokoj-tak-jak-si-preje\/","author":{"@type":"Person","@id":"https:\/\/www.avlcz.cz\/author\/#Person","name":"","url":"https:\/\/www.avlcz.cz\/author\/","identifier":1,"image":{"@type":"ImageObject","@id":"https:\/\/secure.gravatar.com\/avatar\/591310831c6f562dead2685065c7bfb166baf64da6e0332ad9d0a2e9c6c14446?s=96&d=mm&r=g","url":"https:\/\/secure.gravatar.com\/avatar\/591310831c6f562dead2685065c7bfb166baf64da6e0332ad9d0a2e9c6c14446?s=96&d=mm&r=g","height":96,"width":96}},"publisher":{"@type":"Organization","name":"avlcz.cz","logo":{"@type":"ImageObject","@id":"\/logo.png","url":"\/logo.png","width":600,"height":60}},"image":{"@type":"ImageObject","@id":"https:\/\/www.avlcz.cz\/wp-content\/uploads\/img_a379763_w3149_t1591271111.jpg","url":"https:\/\/www.avlcz.cz\/wp-content\/uploads\/img_a379763_w3149_t1591271111.jpg","height":0,"width":0},"keywords":null},{"@type":"Article","@id":"https:\/\/www.avlcz.cz\/zaradte-do-sveho-jidelnicku-naklicene-lusteniny\/","headline":"Za\u0159a\u010fte do sv\u00e9ho j\u00eddeln\u00ed\u010dku nakl\u00ed\u010den\u00e9 lu\u0161t\u011bniny!","url":"https:\/\/www.avlcz.cz\/zaradte-do-sveho-jidelnicku-naklicene-lusteniny\/","datePublished":"2020-01-17","dateModified":"2020-01-17","mainEntityOfPage":"https:\/\/www.avlcz.cz\/zaradte-do-sveho-jidelnicku-naklicene-lusteniny\/","author":{"@type":"Person","@id":"https:\/\/www.avlcz.cz\/author\/#Person","name":"","url":"https:\/\/www.avlcz.cz\/author\/","identifier":1,"image":{"@type":"ImageObject","@id":"https:\/\/secure.gravatar.com\/avatar\/591310831c6f562dead2685065c7bfb166baf64da6e0332ad9d0a2e9c6c14446?s=96&d=mm&r=g","url":"https:\/\/secure.gravatar.com\/avatar\/591310831c6f562dead2685065c7bfb166baf64da6e0332ad9d0a2e9c6c14446?s=96&d=mm&r=g","height":96,"width":96}},"publisher":{"@type":"Organization","name":"avlcz.cz","logo":{"@type":"ImageObject","@id":"\/logo.png","url":"\/logo.png","width":600,"height":60}},"image":{"@type":"ImageObject","@id":"https:\/\/www.avlcz.cz\/wp-content\/uploads\/img_a379171_w4233_t1590577365.jpg","url":"https:\/\/www.avlcz.cz\/wp-content\/uploads\/img_a379171_w4233_t1590577365.jpg","height":0,"width":0},"keywords":null},{"@type":"Article","@id":"https:\/\/www.avlcz.cz\/morska-rasa-kelpa-je-vhodna-pro-lidi-k-doplneni-mineralnich-latek\/","headline":"Mo\u0159sk\u00e1 \u0159asa Kelpa je vhodn\u00e1 pro lidi k dopln\u011bn\u00ed miner\u00e1ln\u00edch l\u00e1tek","url":"https:\/\/www.avlcz.cz\/morska-rasa-kelpa-je-vhodna-pro-lidi-k-doplneni-mineralnich-latek\/","datePublished":"2020-01-07","dateModified":"2023-05-02","mainEntityOfPage":"https:\/\/www.avlcz.cz\/morska-rasa-kelpa-je-vhodna-pro-lidi-k-doplneni-mineralnich-latek\/","author":{"@type":"Person","@id":"https:\/\/www.avlcz.cz\/author\/#Person","name":"","url":"https:\/\/www.avlcz.cz\/author\/","identifier":1,"image":{"@type":"ImageObject","@id":"https:\/\/secure.gravatar.com\/avatar\/591310831c6f562dead2685065c7bfb166baf64da6e0332ad9d0a2e9c6c14446?s=96&d=mm&r=g","url":"https:\/\/secure.gravatar.com\/avatar\/591310831c6f562dead2685065c7bfb166baf64da6e0332ad9d0a2e9c6c14446?s=96&d=mm&r=g","height":96,"width":96}},"publisher":{"@type":"Organization","name":"avlcz.cz","logo":{"@type":"ImageObject","@id":"\/logo.png","url":"\/logo.png","width":600,"height":60}},"image":{"@type":"ImageObject","@id":"https:\/\/www.avlcz.cz\/wp-content\/uploads\/img_a379484_w3149_t1591081349.jpg","url":"https:\/\/www.avlcz.cz\/wp-content\/uploads\/img_a379484_w3149_t1591081349.jpg","height":0,"width":0},"keywords":null}]}