[{"@context":"https:\/\/schema.org\/","@type":"Article","@id":"https:\/\/www.avlcz.cz\/prarodice-rodice-a-deti-v-jednom-dome\/#Article","mainEntityOfPage":"https:\/\/www.avlcz.cz\/prarodice-rodice-a-deti-v-jednom-dome\/","headline":"Prarodi\u010de, rodi\u010de a d\u011bti v jednom dom\u011b","name":"Prarodi\u010de, rodi\u010de a d\u011bti v jednom dom\u011b","description":"V\u00edcegenera\u010dn\u00ed bydlen\u00ed m\u016f\u017ee b\u00fdt \u0159e\u0161en\u00edm pro mlad\u00e9 rodiny, kter\u00e9 maj\u00ed probl\u00e9m sehnat odpov\u00eddaj\u00edc\u00ed byt \u010di d\u016fm, nebo t\u0159eba pro star\u00e9 rodi\u010de, kte\u0159\u00ed u\u017e se o sebe sami nedok\u00e1\u017eou postarat a pot\u0159ebuj\u00ed pomoc od \u201emlad\u00fdch\u201c. P\u0159esto\u017ee sl\u00fdch\u00e1me mno\u017estv\u00ed p\u0159\u00edb\u011bh\u016f, kter\u00e9 n\u00e1m \u0159\u00edkaj\u00ed, \u017ee v\u00edcegenera\u010dn\u00ed sou\u017eit\u00ed je peklo, existuje \u0159ada \u2013 ne tak hlasit\u00fdch \u2013 lid\u00ed, kte\u0159\u00ed [&hellip;]","datePublished":"2019-06-24","dateModified":"2019-06-24","author":{"@type":"Person","@id":"https:\/\/www.avlcz.cz\/author\/#Person","name":"","url":"https:\/\/www.avlcz.cz\/author\/","identifier":1,"image":{"@type":"ImageObject","@id":"https:\/\/secure.gravatar.com\/avatar\/591310831c6f562dead2685065c7bfb166baf64da6e0332ad9d0a2e9c6c14446?s=96&d=mm&r=g","url":"https:\/\/secure.gravatar.com\/avatar\/591310831c6f562dead2685065c7bfb166baf64da6e0332ad9d0a2e9c6c14446?s=96&d=mm&r=g","height":96,"width":96}},"publisher":{"@type":"Organization","name":"avlcz.cz","logo":{"@type":"ImageObject","@id":"\/logo.png","url":"\/logo.png","width":600,"height":60}},"image":{"@type":"ImageObject","@id":"https:\/\/www.avlcz.cz\/wp-content\/uploads\/img_a346042_w2904_t1560021444.png","url":"https:\/\/www.avlcz.cz\/wp-content\/uploads\/img_a346042_w2904_t1560021444.png","height":0,"width":0},"url":"https:\/\/www.avlcz.cz\/prarodice-rodice-a-deti-v-jednom-dome\/","about":["Bydlen\u00ed"],"wordCount":422,"articleBody":"V\u00edcegenera\u010dn\u00ed bydlen\u00ed m\u016f\u017ee b\u00fdt \u0159e\u0161en\u00edm pro mlad\u00e9 rodiny, kter\u00e9 maj\u00ed probl\u00e9m sehnat odpov\u00eddaj\u00edc\u00ed byt \u010di d\u016fm, nebo t\u0159eba pro star\u00e9 rodi\u010de, kte\u0159\u00ed u\u017e se o sebe sami nedok\u00e1\u017eou postarat a pot\u0159ebuj\u00ed pomoc od \u201emlad\u00fdch\u201c. P\u0159esto\u017ee sl\u00fdch\u00e1me mno\u017estv\u00ed p\u0159\u00edb\u011bh\u016f, kter\u00e9 n\u00e1m \u0159\u00edkaj\u00ed, \u017ee v\u00edcegenera\u010dn\u00ed sou\u017eit\u00ed je peklo, existuje \u0159ada \u2013 ne tak hlasit\u00fdch \u2013 lid\u00ed, kte\u0159\u00ed takto bez probl\u00e9m\u016f \u017eij\u00ed.Souhlas v\u0161echAby se sou\u017eit\u00ed n\u011bkolika generac\u00ed (t\u0159eba i \u010dty\u0159) nezkomplikovalo hned na za\u010d\u00e1tku, je nutn\u00e9, aby s t\u00edmto \u0159e\u0161en\u00edm souhlasili v\u0161ichni z\u00fa\u010dastn\u011bn\u00ed. Nikdy nen\u00ed dobr\u00e9, kdy\u017e se jeden nebo v\u00edce \u010dlen\u016f dom\u00e1cnosti c\u00edt\u00ed do n\u011b\u010deho vmanipulov\u00e1ni nebo nuceni.ToleranceKa\u017ed\u00fd m\u00e1 sv\u00e9 lib\u016fstky, kter\u00e9 ve spole\u010dn\u00e9 dom\u00e1cnosti za\u010dnou d\u0159\u00edv nebo pozd\u011bji vych\u00e1zet najevo. Pokud nejde o nic z\u00e1va\u017en\u00e9ho, m\u011bl by ka\u017ed\u00fd p\u0159imhou\u0159it o\u010di a tolerantn\u011b si uv\u011bdomit, \u017ee i on jist\u011b d\u011bl\u00e1 n\u011bco, co ostatn\u00edm ve spole\u010dn\u00e9m obydl\u00ed vad\u00ed. O podobn\u00fdch averz\u00edch se v\u0161ak nebojte komunikovat a spole\u010dn\u011b je \u0159e\u0161it.Respekt k soukrom\u00edVyhradit vlastn\u00ed prostor ka\u017ed\u00e9mu jednotlivci; ur\u010dit si, kde se bude klepat a kter\u00e9 m\u00edstnosti budou vyu\u017e\u00edvat v\u0161ichni spole\u010dn\u011b, je z\u00e1kladem \u00fasp\u011b\u0161n\u00e9ho zvl\u00e1dnut\u00ed v\u00edcegenera\u010dn\u00edho bydlen\u00ed. Prarodi\u010de zkr\u00e1tka mus\u00ed respektovat soukrom\u00ed mlad\u00e9 rodiny a stejn\u011b tak by vnou\u010data nem\u011bla dor\u00e1\u017eet na babi\u010dku s d\u011bdou, kte\u0159\u00ed si cht\u011bj\u00ed u\u017e\u00edt chvilku klidu.PravidlaP\u0159esto\u017ee stanovov\u00e1n\u00ed pravidel a hranic nemus\u00ed b\u00fdt p\u0159\u00edjemn\u00e9, obvykle se spole\u010dn\u00e9 sou\u017eit\u00ed bez tohoto kroku neobejde. Stanovte si, kdo kde bude ukl\u00edzet, zda si bude ka\u017ed\u00fd va\u0159it s\u00e1m a jak to bude se st\u0159\u00edd\u00e1n\u00edm v kuchyni \u010di jakou teplotu budete ve spole\u010dn\u00e9m obydl\u00ed udr\u017eovat. Do budoucna to u\u0161et\u0159\u00ed spoustu h\u00e1dek a zbyte\u010dn\u00e9ho stresu.V\u00edcegenera\u010dn\u00ed bydlen\u00ed m\u016f\u017ee b\u00fdt v\u00fdhodn\u00e9 a v mnoh\u00e9m i obohacuj\u00edc\u00ed (p\u0159edev\u0161\u00edm pro mal\u00e9 d\u011bti, kter\u00e9 se tak u\u010d\u00ed respektu k pot\u0159eb\u00e1m prarodi\u010d\u016f) , je v\u0161ak nutno p\u0159istupovat k n\u011bmu s nadhledem, klidem a velkou d\u00e1vkou a tolerance.                                                                                                                                                                                                                                                                                                                                                                                        3.9\/5 - (8 votes)        "},{"@context":"https:\/\/schema.org\/","@type":"BreadcrumbList","itemListElement":[{"@type":"ListItem","position":1,"name":"Prarodi\u010de, rodi\u010de a d\u011bti v jednom dom\u011b","item":"https:\/\/www.avlcz.cz\/prarodice-rodice-a-deti-v-jednom-dome\/#breadcrumbitem"}]}]