[{"@context":"https:\/\/schema.org\/","@type":"Blog","@id":"https:\/\/www.avlcz.cz#Blog","headline":"Avlcz","description":"\nI kdy\u017e naprosto pochopiteln\u011b nem\u00e1 n\u00e1\u0161 web ruce, ochotn\u011b v\u00e1m pod\u00e1 pomocnou ruku, a i kdy\u017e nem\u00e1 nohy, vyjde v\u00e1m v\u017edy a ve v\u0161em ochotn\u011b vst\u0159\u00edc.","url":"https:\/\/www.avlcz.cz","hasPart":[{"@type":"Article","@id":"https:\/\/www.avlcz.cz\/morska-rasa-kelpa-je-vhodna-pro-lidi-k-doplneni-mineralnich-latek\/","headline":"Mo\u0159sk\u00e1 \u0159asa Kelpa je vhodn\u00e1 pro lidi k dopln\u011bn\u00ed miner\u00e1ln\u00edch l\u00e1tek","url":"https:\/\/www.avlcz.cz\/morska-rasa-kelpa-je-vhodna-pro-lidi-k-doplneni-mineralnich-latek\/","datePublished":"2020-01-07","dateModified":"2023-05-02","mainEntityOfPage":"https:\/\/www.avlcz.cz\/morska-rasa-kelpa-je-vhodna-pro-lidi-k-doplneni-mineralnich-latek\/","author":{"@type":"Person","@id":"https:\/\/www.avlcz.cz\/author\/#Person","name":"","url":"https:\/\/www.avlcz.cz\/author\/","identifier":1,"image":{"@type":"ImageObject","@id":"https:\/\/secure.gravatar.com\/avatar\/591310831c6f562dead2685065c7bfb166baf64da6e0332ad9d0a2e9c6c14446?s=96&d=mm&r=g","url":"https:\/\/secure.gravatar.com\/avatar\/591310831c6f562dead2685065c7bfb166baf64da6e0332ad9d0a2e9c6c14446?s=96&d=mm&r=g","height":96,"width":96}},"publisher":{"@type":"Organization","name":"avlcz.cz","logo":{"@type":"ImageObject","@id":"\/logo.png","url":"\/logo.png","width":600,"height":60}},"image":{"@type":"ImageObject","@id":"https:\/\/www.avlcz.cz\/wp-content\/uploads\/img_a379484_w3149_t1591081349.jpg","url":"https:\/\/www.avlcz.cz\/wp-content\/uploads\/img_a379484_w3149_t1591081349.jpg","height":0,"width":0},"wordCount":513,"keywords":null},{"@type":"Article","@id":"https:\/\/www.avlcz.cz\/maly-tibet\/","headline":"Mal\u00fd Tibet","url":"https:\/\/www.avlcz.cz\/maly-tibet\/","datePublished":"2019-12-26","dateModified":"2019-12-26","mainEntityOfPage":"https:\/\/www.avlcz.cz\/maly-tibet\/","author":{"@type":"Person","@id":"https:\/\/www.avlcz.cz\/author\/#Person","name":"","url":"https:\/\/www.avlcz.cz\/author\/","identifier":1,"image":{"@type":"ImageObject","@id":"https:\/\/secure.gravatar.com\/avatar\/591310831c6f562dead2685065c7bfb166baf64da6e0332ad9d0a2e9c6c14446?s=96&d=mm&r=g","url":"https:\/\/secure.gravatar.com\/avatar\/591310831c6f562dead2685065c7bfb166baf64da6e0332ad9d0a2e9c6c14446?s=96&d=mm&r=g","height":96,"width":96}},"publisher":{"@type":"Organization","name":"avlcz.cz","logo":{"@type":"ImageObject","@id":"\/logo.png","url":"\/logo.png","width":600,"height":60}},"image":{"@type":"ImageObject","@id":"https:\/\/www.avlcz.cz\/wp-content\/uploads\/img_a364364_w3149_t1577105126.jpg","url":"https:\/\/www.avlcz.cz\/wp-content\/uploads\/img_a364364_w3149_t1577105126.jpg","height":0,"width":0},"wordCount":1018,"keywords":null},{"@type":"Article","@id":"https:\/\/www.avlcz.cz\/kdyz-schazeji-penize\/","headline":"Kdy\u017e sch\u00e1zej\u00ed pen\u00edze","url":"https:\/\/www.avlcz.cz\/kdyz-schazeji-penize\/","datePublished":"2019-12-19","dateModified":"2019-12-19","mainEntityOfPage":"https:\/\/www.avlcz.cz\/kdyz-schazeji-penize\/","author":{"@type":"Person","@id":"https:\/\/www.avlcz.cz\/author\/#Person","name":"","url":"https:\/\/www.avlcz.cz\/author\/","identifier":1,"image":{"@type":"ImageObject","@id":"https:\/\/secure.gravatar.com\/avatar\/591310831c6f562dead2685065c7bfb166baf64da6e0332ad9d0a2e9c6c14446?s=96&d=mm&r=g","url":"https:\/\/secure.gravatar.com\/avatar\/591310831c6f562dead2685065c7bfb166baf64da6e0332ad9d0a2e9c6c14446?s=96&d=mm&r=g","height":96,"width":96}},"publisher":{"@type":"Organization","name":"avlcz.cz","logo":{"@type":"ImageObject","@id":"\/logo.png","url":"\/logo.png","width":600,"height":60}},"image":{"@type":"ImageObject","@id":"https:\/\/www.avlcz.cz\/wp-content\/uploads\/img_a376921_w3908_t1588676768.jpg","url":"https:\/\/www.avlcz.cz\/wp-content\/uploads\/img_a376921_w3908_t1588676768.jpg","height":0,"width":0},"wordCount":572,"keywords":null},{"@type":"Article","@id":"https:\/\/www.avlcz.cz\/co-by-nemelo-chybet-v-zenskem-satniku\/","headline":"Co by nem\u011blo chyb\u011bt v \u017eensk\u00e9m \u0161atn\u00edku?","url":"https:\/\/www.avlcz.cz\/co-by-nemelo-chybet-v-zenskem-satniku\/","datePublished":"2019-12-16","dateModified":"2019-12-16","mainEntityOfPage":"https:\/\/www.avlcz.cz\/co-by-nemelo-chybet-v-zenskem-satniku\/","author":{"@type":"Person","@id":"https:\/\/www.avlcz.cz\/author\/#Person","name":"","url":"https:\/\/www.avlcz.cz\/author\/","identifier":1,"image":{"@type":"ImageObject","@id":"https:\/\/secure.gravatar.com\/avatar\/591310831c6f562dead2685065c7bfb166baf64da6e0332ad9d0a2e9c6c14446?s=96&d=mm&r=g","url":"https:\/\/secure.gravatar.com\/avatar\/591310831c6f562dead2685065c7bfb166baf64da6e0332ad9d0a2e9c6c14446?s=96&d=mm&r=g","height":96,"width":96}},"publisher":{"@type":"Organization","name":"avlcz.cz","logo":{"@type":"ImageObject","@id":"\/logo.png","url":"\/logo.png","width":600,"height":60}},"image":{"@type":"ImageObject","@id":"https:\/\/www.avlcz.cz\/wp-content\/uploads\/img_a377819_w4274_t1589275349.jpg","url":"https:\/\/www.avlcz.cz\/wp-content\/uploads\/img_a377819_w4274_t1589275349.jpg","height":0,"width":0},"wordCount":575,"keywords":null},{"@type":"Article","@id":"https:\/\/www.avlcz.cz\/sport-pro-chlapy\/","headline":"Sport pro chlapy","url":"https:\/\/www.avlcz.cz\/sport-pro-chlapy\/","datePublished":"2019-11-20","dateModified":"2019-11-20","mainEntityOfPage":"https:\/\/www.avlcz.cz\/sport-pro-chlapy\/","author":{"@type":"Person","@id":"https:\/\/www.avlcz.cz\/author\/#Person","name":"","url":"https:\/\/www.avlcz.cz\/author\/","identifier":1,"image":{"@type":"ImageObject","@id":"https:\/\/secure.gravatar.com\/avatar\/591310831c6f562dead2685065c7bfb166baf64da6e0332ad9d0a2e9c6c14446?s=96&d=mm&r=g","url":"https:\/\/secure.gravatar.com\/avatar\/591310831c6f562dead2685065c7bfb166baf64da6e0332ad9d0a2e9c6c14446?s=96&d=mm&r=g","height":96,"width":96}},"publisher":{"@type":"Organization","name":"avlcz.cz","logo":{"@type":"ImageObject","@id":"\/logo.png","url":"\/logo.png","width":600,"height":60}},"image":{"@type":"ImageObject","@id":"https:\/\/www.avlcz.cz\/wp-content\/uploads\/img_a376768_w3149_t1588594457.jpg","url":"https:\/\/www.avlcz.cz\/wp-content\/uploads\/img_a376768_w3149_t1588594457.jpg","height":0,"width":0},"wordCount":556,"keywords":null},{"@type":"Article","@id":"https:\/\/www.avlcz.cz\/uzitecne-paprsky\/","headline":"U\u017eite\u010dn\u00e9 paprsky","url":"https:\/\/www.avlcz.cz\/uzitecne-paprsky\/","datePublished":"2019-11-14","dateModified":"2019-11-14","mainEntityOfPage":"https:\/\/www.avlcz.cz\/uzitecne-paprsky\/","author":{"@type":"Person","@id":"https:\/\/www.avlcz.cz\/author\/#Person","name":"","url":"https:\/\/www.avlcz.cz\/author\/","identifier":1,"image":{"@type":"ImageObject","@id":"https:\/\/secure.gravatar.com\/avatar\/591310831c6f562dead2685065c7bfb166baf64da6e0332ad9d0a2e9c6c14446?s=96&d=mm&r=g","url":"https:\/\/secure.gravatar.com\/avatar\/591310831c6f562dead2685065c7bfb166baf64da6e0332ad9d0a2e9c6c14446?s=96&d=mm&r=g","height":96,"width":96}},"publisher":{"@type":"Organization","name":"avlcz.cz","logo":{"@type":"ImageObject","@id":"\/logo.png","url":"\/logo.png","width":600,"height":60}},"image":{"@type":"ImageObject","@id":"https:\/\/www.avlcz.cz\/wp-content\/uploads\/img_a361013_w3149_t1574522258.jpg","url":"https:\/\/www.avlcz.cz\/wp-content\/uploads\/img_a361013_w3149_t1574522258.jpg","height":0,"width":0},"wordCount":4460,"keywords":null},{"@type":"Article","@id":"https:\/\/www.avlcz.cz\/jak-rychle-uklidit-domacnost-pred-navstevou-kdyz-nemate-dostatek-casu\/","headline":"Jak rychle uklidit dom\u00e1cnost p\u0159ed n\u00e1v\u0161t\u011bvou, kdy\u017e nem\u00e1te dostatek \u010dasu.","url":"https:\/\/www.avlcz.cz\/jak-rychle-uklidit-domacnost-pred-navstevou-kdyz-nemate-dostatek-casu\/","datePublished":"2019-11-06","dateModified":"2019-11-06","mainEntityOfPage":"https:\/\/www.avlcz.cz\/jak-rychle-uklidit-domacnost-pred-navstevou-kdyz-nemate-dostatek-casu\/","author":{"@type":"Person","@id":"https:\/\/www.avlcz.cz\/author\/#Person","name":"","url":"https:\/\/www.avlcz.cz\/author\/","identifier":1,"image":{"@type":"ImageObject","@id":"https:\/\/secure.gravatar.com\/avatar\/591310831c6f562dead2685065c7bfb166baf64da6e0332ad9d0a2e9c6c14446?s=96&d=mm&r=g","url":"https:\/\/secure.gravatar.com\/avatar\/591310831c6f562dead2685065c7bfb166baf64da6e0332ad9d0a2e9c6c14446?s=96&d=mm&r=g","height":96,"width":96}},"publisher":{"@type":"Organization","name":"avlcz.cz","logo":{"@type":"ImageObject","@id":"\/logo.png","url":"\/logo.png","width":600,"height":60}},"image":{"@type":"ImageObject","@id":"https:\/\/www.avlcz.cz\/wp-content\/uploads\/img_a360957_w3149_t1574514380.jpg","url":"https:\/\/www.avlcz.cz\/wp-content\/uploads\/img_a360957_w3149_t1574514380.jpg","height":0,"width":0},"wordCount":554,"keywords":null},{"@type":"Article","@id":"https:\/\/www.avlcz.cz\/hledate-dokonalou-zabavu-vsadte-na-lasergame-praha\/","headline":"Hled\u00e1te dokonalou z\u00e1bavu? Vsa\u010fte na lasergame Praha!","url":"https:\/\/www.avlcz.cz\/hledate-dokonalou-zabavu-vsadte-na-lasergame-praha\/","datePublished":"2019-09-19","dateModified":"2024-07-04","mainEntityOfPage":"https:\/\/www.avlcz.cz\/hledate-dokonalou-zabavu-vsadte-na-lasergame-praha\/","author":{"@type":"Person","@id":"https:\/\/www.avlcz.cz\/author\/#Person","name":"","url":"https:\/\/www.avlcz.cz\/author\/","identifier":1,"image":{"@type":"ImageObject","@id":"https:\/\/secure.gravatar.com\/avatar\/591310831c6f562dead2685065c7bfb166baf64da6e0332ad9d0a2e9c6c14446?s=96&d=mm&r=g","url":"https:\/\/secure.gravatar.com\/avatar\/591310831c6f562dead2685065c7bfb166baf64da6e0332ad9d0a2e9c6c14446?s=96&d=mm&r=g","height":96,"width":96}},"publisher":{"@type":"Organization","name":"avlcz.cz","logo":{"@type":"ImageObject","@id":"\/logo.png","url":"\/logo.png","width":600,"height":60}},"image":{"@type":"ImageObject","@id":"https:\/\/www.avlcz.cz\/wp-content\/uploads\/img_a356654_w1944_t1571139086.jpg","url":"https:\/\/www.avlcz.cz\/wp-content\/uploads\/img_a356654_w1944_t1571139086.jpg","height":0,"width":0},"wordCount":553,"keywords":null},{"@type":"Article","@id":"https:\/\/www.avlcz.cz\/jak-si-vedeme-oproti-evrope\/","headline":"Jak si vedeme oproti Evrop\u011b?","url":"https:\/\/www.avlcz.cz\/jak-si-vedeme-oproti-evrope\/","datePublished":"2019-09-17","dateModified":"2019-09-17","mainEntityOfPage":"https:\/\/www.avlcz.cz\/jak-si-vedeme-oproti-evrope\/","author":{"@type":"Person","@id":"https:\/\/www.avlcz.cz\/author\/#Person","name":"","url":"https:\/\/www.avlcz.cz\/author\/","identifier":1,"image":{"@type":"ImageObject","@id":"https:\/\/secure.gravatar.com\/avatar\/591310831c6f562dead2685065c7bfb166baf64da6e0332ad9d0a2e9c6c14446?s=96&d=mm&r=g","url":"https:\/\/secure.gravatar.com\/avatar\/591310831c6f562dead2685065c7bfb166baf64da6e0332ad9d0a2e9c6c14446?s=96&d=mm&r=g","height":96,"width":96}},"publisher":{"@type":"Organization","name":"avlcz.cz","logo":{"@type":"ImageObject","@id":"\/logo.png","url":"\/logo.png","width":600,"height":60}},"image":{"@type":"ImageObject","@id":"https:\/\/www.avlcz.cz\/wp-content\/uploads\/img_a354952_w3149_t1569413277.jpg","url":"https:\/\/www.avlcz.cz\/wp-content\/uploads\/img_a354952_w3149_t1569413277.jpg","height":0,"width":0},"wordCount":407,"keywords":null},{"@type":"Article","@id":"https:\/\/www.avlcz.cz\/4-zivocichove-z-hlubin-kteri-doopravdy-existuji\/","headline":"4 \u017eivo\u010dichov\u00e9 z hlubin, kte\u0159\u00ed doopravdy existuj\u00ed","url":"https:\/\/www.avlcz.cz\/4-zivocichove-z-hlubin-kteri-doopravdy-existuji\/","datePublished":"2019-09-14","dateModified":"2019-09-14","mainEntityOfPage":"https:\/\/www.avlcz.cz\/4-zivocichove-z-hlubin-kteri-doopravdy-existuji\/","author":{"@type":"Person","@id":"https:\/\/www.avlcz.cz\/author\/#Person","name":"","url":"https:\/\/www.avlcz.cz\/author\/","identifier":1,"image":{"@type":"ImageObject","@id":"https:\/\/secure.gravatar.com\/avatar\/591310831c6f562dead2685065c7bfb166baf64da6e0332ad9d0a2e9c6c14446?s=96&d=mm&r=g","url":"https:\/\/secure.gravatar.com\/avatar\/591310831c6f562dead2685065c7bfb166baf64da6e0332ad9d0a2e9c6c14446?s=96&d=mm&r=g","height":96,"width":96}},"publisher":{"@type":"Organization","name":"avlcz.cz","logo":{"@type":"ImageObject","@id":"\/logo.png","url":"\/logo.png","width":600,"height":60}},"image":{"@type":"ImageObject","@id":"https:\/\/www.avlcz.cz\/wp-content\/uploads\/img_a354487_w3149_t1568990163.jpg","url":"https:\/\/www.avlcz.cz\/wp-content\/uploads\/img_a354487_w3149_t1568990163.jpg","height":0,"width":0},"wordCount":530,"keywords":null}]},{"@context":"https:\/\/schema.org","@type":"WebSite","@id":"https:\/\/www.avlcz.cz\/#website","name":"Avlcz","url":"https:\/\/www.avlcz.cz","potentialAction":{"@type":"SearchAction","target":"https:\/\/www.avlcz.cz\/?s={search_term_string}","query-input":"required name=search_term_string"}}]