[{"@context":"https:\/\/schema.org\/","@type":"Article","@id":"https:\/\/www.avlcz.cz\/moderni-stan-pro-deti\/#Article","mainEntityOfPage":"https:\/\/www.avlcz.cz\/moderni-stan-pro-deti\/","headline":"Modern\u00ed stan pro d\u011bti","name":"Modern\u00ed stan pro d\u011bti","description":"Kdo vlastn\u00ed rodinn\u00fd domek se zahr\u00e1dkou, tak by m\u011bl pouva\u017eovat i o mal\u00e9m koutku pro d\u011bti a zde jim vytvo\u0159it n\u011bjak\u00e9 jejich soukrom\u00ed s hrac\u00edmi prvky. Ani\u017e by si to toti\u017e kdokoliv uv\u011bdomil, tak t\u00edm prok\u00e1\u017ee z\u00e1rove\u0148 i sob\u011b malou slu\u017ebu. D\u011bti jako ka\u017ed\u00fd jedinec, tak tou\u017e\u00ed po ur\u010dit\u00e9m soukrom\u00ed a to jim kr\u00e1sn\u011b m\u016f\u017ee [&hellip;]","datePublished":"2020-07-17","dateModified":"2020-07-17","author":{"@type":"Person","@id":"https:\/\/www.avlcz.cz\/author\/#Person","name":"","url":"https:\/\/www.avlcz.cz\/author\/","identifier":1,"image":{"@type":"ImageObject","@id":"https:\/\/secure.gravatar.com\/avatar\/591310831c6f562dead2685065c7bfb166baf64da6e0332ad9d0a2e9c6c14446?s=96&d=mm&r=g","url":"https:\/\/secure.gravatar.com\/avatar\/591310831c6f562dead2685065c7bfb166baf64da6e0332ad9d0a2e9c6c14446?s=96&d=mm&r=g","height":96,"width":96}},"publisher":{"@type":"Organization","name":"avlcz.cz","logo":{"@type":"ImageObject","@id":"\/logo.png","url":"\/logo.png","width":600,"height":60}},"image":{"@type":"ImageObject","@id":"https:\/\/www.avlcz.cz\/wp-content\/uploads\/stan%20d%C3%ADt%C4%9B.jpg","url":"https:\/\/www.avlcz.cz\/wp-content\/uploads\/stan%20d%C3%ADt%C4%9B.jpg","height":0,"width":0},"url":"https:\/\/www.avlcz.cz\/moderni-stan-pro-deti\/","about":["Produkty"],"wordCount":428,"articleBody":"        Kdo vlastn\u00ed rodinn\u00fd domek se zahr\u00e1dkou, tak by m\u011bl pouva\u017eovat i o mal\u00e9m koutku pro d\u011bti a zde jim vytvo\u0159it n\u011bjak\u00e9 jejich soukrom\u00ed s hrac\u00edmi prvky. Ani\u017e by si to toti\u017e kdokoliv uv\u011bdomil, tak t\u00edm prok\u00e1\u017ee z\u00e1rove\u0148 i sob\u011b malou slu\u017ebu. D\u011bti jako ka\u017ed\u00fd jedinec, tak tou\u017e\u00ed po ur\u010dit\u00e9m soukrom\u00ed a to jim kr\u00e1sn\u011b m\u016f\u017ee poskytnout i d\u011btsk\u00fd stan na zahradu. V dne\u0161n\u00ed dob\u011b se v\u00fdrobci mohou pochlubit skute\u010dn\u011b unik\u00e1tn\u00edmi v\u00fdtvory, kter\u00e9 pot\u011b\u0161\u00ed nejen d\u011btskou generaci, ale i dosp\u011bl\u00ed jedinci se do designu zamiluj\u00ed. Dokonce se daj\u00ed stany vybrat podle toho, co d\u011bti v\u00edce preferuj\u00ed nebo i podle toho, jak\u00fd je jejich obl\u00edben\u00fd filmov\u00fd hrdina. Nebo snad au\u0165\u00e1k sn\u016f, co\u017e je v\u011bt\u0161inou hasi\u010dsk\u00e9 auto. Ano i takovou podobu m\u016f\u017ee stan m\u00edt.Velmi aktivn\u00ed ratolestiKa\u017ed\u00e9 d\u00edt\u011b je jin\u00e9 a n\u011bkomu bude vyhovovat v celku jednoduch\u00fd venkovn\u00ed p\u0159\u00edbytek s ohr\u00e1dkou, kter\u00e1 bude sv\u00fdm zp\u016fsobem prezentovat t\u0159eba malou zahr\u00e1dku nebo prostor na opalov\u00e1n\u00ed \u010di odlo\u017een\u00fd d\u011btsk\u00fd ko\u010d\u00e1rek. Jenom\u017ee pak tu m\u00e1me mal\u00e9 raub\u00ed\u0159e, kter\u00e9 snad nic nezastav\u00ed a je t\u0159eba jejich aktivitu n\u011bjak vyt\u011bsnit a nep\u0159ij\u00edt o nervy. Potom je t\u0159eba pouva\u017eovat o takov\u00e9m stanu, jeho\u017e sou\u010d\u00e1st\u00ed je prol\u00e9za\u010dka. Tu d\u011bti nejen, \u017ee miluj\u00ed, ale tak\u00e9 se zde dostate\u010dn\u011b vy\u0159\u00e1d\u00ed a p\u0159ece jenom je to na chv\u00edli zam\u011bstn\u00e1. Mal\u00e9 princezny zase m\u016f\u017ee pot\u011b\u0161it stan ve tvaru hradu, co\u017e ocen\u00ed mal\u00e1 romantick\u00e1 du\u0161i\u010dka, kter\u00e1 je pln\u00e1 poh\u00e1dek a zde se jakoby nalezne v podob\u011b hlavn\u00ed p\u0159edstavitelky. D\u011btsk\u00e9 stany kamkolivInvestice do d\u011btsk\u00fdch stan\u016f nen\u00ed skute\u010dn\u011b velk\u00e1, ale na druhou stranu s r\u016fzn\u00fdmi motivy ud\u011bl\u00e1me radost a nav\u00edc si lze tento p\u0159\u00edbytek klidn\u011b nast\u011bhovat na zimu do pokoj\u00ed\u010dku, kde ho d\u011bti vyu\u017eij\u00ed pro sv\u00e9 soukrom\u00ed a na hran\u00ed. D\u00edky p\u011bkn\u00e9mu designu, tak ostudu neud\u011bl\u00e1 skute\u010dn\u011b nikde a nen\u00ed snad nic kr\u00e1sn\u011bj\u0161\u00edho, ne\u017e vid\u011bt rozz\u00e1\u0159en\u00e1 a spokojen\u00e1 o\u010dka na\u0161ich ratolest\u00ed. Odm\u011bnou pro n\u00e1s bude i kr\u00e1tkodob\u00fd odpo\u010dinek, proto\u017ee stan skute\u010dn\u011b dok\u00e1\u017ee zaujmout a sv\u00fdm zp\u016fsobem zam\u011bstnat i ochr\u00e1nit.                                                                                                                                                                                                                                                                                                                                                                                           4.2\/5 - (10 votes)        "},{"@context":"https:\/\/schema.org\/","@type":"BreadcrumbList","itemListElement":[{"@type":"ListItem","position":1,"name":"Modern\u00ed stan pro d\u011bti","item":"https:\/\/www.avlcz.cz\/moderni-stan-pro-deti\/#breadcrumbitem"}]}]