[{"@context":"https:\/\/schema.org\/","@type":"Article","@id":"https:\/\/www.avlcz.cz\/kino-a-festival\/#Article","mainEntityOfPage":"https:\/\/www.avlcz.cz\/kino-a-festival\/","headline":"Kino a festival","name":"Kino a festival","description":"Co vy a kultura bav\u00ed v\u00e1s kultura? Je opravdu hodn\u011b lid\u00ed, kte\u0159\u00ed tak\u00e9 maj\u00ed r\u00e1di kulturu, ale jsou samoz\u0159ejm\u011b i lid\u00e9, kte\u0159\u00ed kulturu v\u016fbec nemaj\u00ed r\u00e1di v\u016fbec necht\u011bj\u00ed o kultu\u0159e ani sly\u0161et. A kdy\u017e jsem se t\u0159eba zeptala sv\u00e9ho kamar\u00e1da, kter\u00fd nem\u00e1 v\u016fbec r\u00e1d kulturu, tak m\u011b zaj\u00edmalo, pro\u010d on nem\u00e1 r\u00e1d kulturu. On mi [&hellip;]","datePublished":"2024-03-04","dateModified":"2024-03-04","author":{"@type":"Person","@id":"https:\/\/www.avlcz.cz\/author\/#Person","name":"","url":"https:\/\/www.avlcz.cz\/author\/","identifier":1,"image":{"@type":"ImageObject","@id":"https:\/\/secure.gravatar.com\/avatar\/591310831c6f562dead2685065c7bfb166baf64da6e0332ad9d0a2e9c6c14446?s=96&d=mm&r=g","url":"https:\/\/secure.gravatar.com\/avatar\/591310831c6f562dead2685065c7bfb166baf64da6e0332ad9d0a2e9c6c14446?s=96&d=mm&r=g","height":96,"width":96}},"publisher":{"@type":"Organization","name":"avlcz.cz","logo":{"@type":"ImageObject","@id":"\/logo.png","url":"\/logo.png","width":600,"height":60}},"image":{"@type":"ImageObject","@id":"https:\/\/www.avlcz.cz\/wp-content\/uploads\/movie-theater-2502213_640_4.jpg","url":"https:\/\/www.avlcz.cz\/wp-content\/uploads\/movie-theater-2502213_640_4.jpg","height":0,"width":0},"url":"https:\/\/www.avlcz.cz\/kino-a-festival\/","about":["Kultura"],"wordCount":444,"articleBody":"Co vy a kultura bav\u00ed v\u00e1s kultura? Je opravdu hodn\u011b lid\u00ed, kte\u0159\u00ed tak\u00e9 maj\u00ed r\u00e1di kulturu, ale jsou samoz\u0159ejm\u011b i lid\u00e9, kte\u0159\u00ed kulturu v\u016fbec nemaj\u00ed r\u00e1di v\u016fbec necht\u011bj\u00ed o kultu\u0159e ani sly\u0161et. A kdy\u017e jsem se t\u0159eba zeptala sv\u00e9ho kamar\u00e1da, kter\u00fd nem\u00e1 v\u016fbec r\u00e1d kulturu, tak m\u011b zaj\u00edmalo, pro\u010d on nem\u00e1 r\u00e1d kulturu. On mi \u0159ekl, \u017ee ho to jednozna\u010dn\u011b nebav\u00ed, \u017ee nav\u00edc kultura je tak\u00e9 opravdu hodn\u011b drah\u00e1, abych se p\u0159iznala. Tak j\u00e1 sama osobn\u011b o tomhle v\u016fbec nic nev\u00edm. Nech\u00e1pu, jak by m\u00f3da nebo kultura mohla b\u00fdt drah\u00e1. Vlastn\u011b, kdy\u017e to tak vezmu, tak i m\u00f3da je takov\u00e1 kultura, proto\u017ee byli jste n\u011bkdy na m\u00f3dn\u00ed p\u0159ehl\u00eddce?J\u00e1 ano, bylo to opravdu perfektn\u00ed. Tak\u00e9 tam byla opravdu p\u0159\u00edjemn\u00e1 kapela. Byl to sice rok a potom tak\u00e9 folk, ale moc m\u011b to bavilo. Je to opravdu hodn\u011b p\u0159\u00edjemn\u00e9 a j\u00e1 jsem byla r\u00e1da, \u017ee m\u011b pr\u00e1v\u011b m\u016fj kamar\u00e1d a moje kamar\u00e1dka dostaly na m\u00f3dn\u00ed p\u0159ehl\u00eddku. Proto\u017ee na m\u00f3dn\u00ed p\u0159ehl\u00eddce byla pr\u00e1v\u011b kamar\u00e1d\u010dina sestra. Mus\u00edm uznat, \u017ee j\u00ed to tam moc slu\u0161elo a \u0159ekla jsem si, \u017ee by bylo opravdu prima, kdybych tak\u00e9 mohla b\u00fdt modelkou anebo t\u0159eba m\u00f3dn\u00ed n\u00e1vrh\u00e1\u0159ka. Mysl\u00edm si, \u017ee je tohle \u00fapln\u011b jedno, \u017ee je to \u00fapln\u011b fuk, proto\u017ee kdy\u017e \u010dlov\u011bk m\u00e1 r\u00e1d kulturu a tak\u00e9 m\u00f3du, tak vlastn\u011b bude chodit na m\u00f3dn\u00ed p\u0159ehl\u00eddky anebo t\u0159eba tak\u00e9 do divadla.Byli jste n\u011bkdy v divadle? J\u00e1 ano byla jsem tam u\u017e n\u011bkolikr\u00e1t, v\u016fbec bych to nespo\u010d\u00edtala. Kolikr\u00e1t, kdy\u017e jsem byla v divadle. Sice to je tak\u00e9 opravdu drah\u00e9, proto\u017ee kdy\u017e chod\u00edte t\u0159eba do divadla a n\u011bkolikr\u00e1t m\u011bs\u00ed\u010dn\u011b, tak samoz\u0159ejm\u011b \u017ee se to dotkne va\u0161\u00ed pen\u011b\u017eenky anebo va\u0161eho \u00fa\u010dtu. V\u00e1\u0161 bankovn\u00ed \u00fa\u010det m\u016f\u017ee b\u00fdt opravdu hodn\u011b rychle pr\u00e1zdn\u00fd. Proto\u017ee n\u011bkter\u00e9 vstupenky do divadla anebo na n\u011bjak\u00e9 hudebn\u00ed festivaly mohou b\u00fdt opravdu hodn\u011b drah\u00e9. J\u00e1 si ale mysl\u00edm, \u017ee kdy\u017e tam budete chodit opravdu jenom m\u00e1lo takhle rekrea\u010dn\u011b, tak potom se nemus\u00edte b\u00e1t, \u017ee by va\u0161e pen\u011b\u017eenka anebo v\u00e1\u0161 bankovn\u00ed \u00fa\u010det n\u011bjak utrp\u011bli v\u00e1\u017en\u00e1 zran\u011bn\u00ed. Tak\u00e9 si ale n\u011bkdy d\u00e1v\u00e1m pauzu a nechod\u00edm za kulturou, abych u\u0161et\u0159ila pen\u00edze.\u00a0                                                                                                                                                                                                                                                                                                                                                                                        4.1\/5 - (14 votes)        "},{"@context":"https:\/\/schema.org\/","@type":"BreadcrumbList","itemListElement":[{"@type":"ListItem","position":1,"name":"Kino a festival","item":"https:\/\/www.avlcz.cz\/kino-a-festival\/#breadcrumbitem"}]}]