[{"@context":"https:\/\/schema.org\/","@type":"Article","@id":"https:\/\/www.avlcz.cz\/jak-je-to-u-vas-s-uklidem-v-panelaku\/#Article","mainEntityOfPage":"https:\/\/www.avlcz.cz\/jak-je-to-u-vas-s-uklidem-v-panelaku\/","headline":"Jak je to u v\u00e1s s \u00faklidem v panel\u00e1ku","name":"Jak je to u v\u00e1s s \u00faklidem v panel\u00e1ku","description":"Bydlen\u00ed v panelov\u00e9m dom\u011b je velice sv\u00e9r\u00e1zn\u00e9 a dob\u0159e to ch\u00e1pe zejm\u00e9na ten, kdo za\u017eil bydlen\u00ed jak v rodinn\u00e9m dom\u011b, tak v tom panelov\u00e9m, a m\u016f\u017ee je porovnat mezi sebou. Prvn\u00ed v\u011bc, co v\u00e1s mo\u017en\u00e1 napadne, je anonymita a soukrom\u00ed, zvl\u00e1\u0161t\u011b ve velk\u00fdch m\u011bstech se neznaj\u00ed lid\u00e9 z jednoho panelov\u00e9ho bloku, nato\u017e pak z cel\u00e9 [&hellip;]","datePublished":"2025-02-04","dateModified":"2025-02-04","author":{"@type":"Person","@id":"https:\/\/www.avlcz.cz\/author\/#Person","name":"","url":"https:\/\/www.avlcz.cz\/author\/","identifier":1,"image":{"@type":"ImageObject","@id":"https:\/\/secure.gravatar.com\/avatar\/591310831c6f562dead2685065c7bfb166baf64da6e0332ad9d0a2e9c6c14446?s=96&d=mm&r=g","url":"https:\/\/secure.gravatar.com\/avatar\/591310831c6f562dead2685065c7bfb166baf64da6e0332ad9d0a2e9c6c14446?s=96&d=mm&r=g","height":96,"width":96}},"publisher":{"@type":"Organization","name":"avlcz.cz","logo":{"@type":"ImageObject","@id":"\/logo.png","url":"\/logo.png","width":600,"height":60}},"image":{"@type":"ImageObject","@id":"https:\/\/www.avlcz.cz\/wp-content\/uploads\/facade-1057799_640_5.jpg","url":"https:\/\/www.avlcz.cz\/wp-content\/uploads\/facade-1057799_640_5.jpg","height":0,"width":0},"url":"https:\/\/www.avlcz.cz\/jak-je-to-u-vas-s-uklidem-v-panelaku\/","about":["Podnik\u00e1n\u00ed"],"wordCount":414,"articleBody":"        Bydlen\u00ed v panelov\u00e9m dom\u011b je velice sv\u00e9r\u00e1zn\u00e9 a dob\u0159e to ch\u00e1pe zejm\u00e9na ten, kdo za\u017eil bydlen\u00ed jak v rodinn\u00e9m dom\u011b, tak v tom panelov\u00e9m, a m\u016f\u017ee je porovnat mezi sebou. Prvn\u00ed v\u011bc, co v\u00e1s mo\u017en\u00e1 napadne, je anonymita a soukrom\u00ed, zvl\u00e1\u0161t\u011b ve velk\u00fdch m\u011bstech se neznaj\u00ed lid\u00e9 z jednoho panelov\u00e9ho bloku, nato\u017e pak z cel\u00e9 ulice, a n\u011bkdy se navz\u00e1jem nepoznaj\u00ed ani v\u0161ichni lid\u00e9 z jednoho domovn\u00edho vchodu. Setk\u00e1vaj\u00ed se tu z\u00e1stupci rodin na domovn\u00ed sch\u016fzi, kte\u0159\u00ed maj\u00ed hlasovac\u00ed pr\u00e1vo v p\u0159\u00edpad\u011b SVJ, a na sch\u016fzi se pak projedn\u00e1vaj\u00ed technick\u00e9 z\u00e1le\u017eitosti a n\u011bkdy tak\u00e9 st\u00ed\u017enosti. Jednou z nich je tak\u00e9 \u00faklid spole\u010dn\u00fdch prostor.Jestli\u017ee se v dom\u011b najdou jedinci, kte\u0159\u00ed \u00faklid zanedb\u00e1vaj\u00ed, a\u0165 u\u017e zcela z\u00e1m\u011brn\u011b, anebo d\u00edky shod\u011b nep\u0159\u00edzniv\u00fdch okolnost\u00ed, ostatn\u00ed si mohou p\u0159ipadat jako vyko\u0159is\u0165ovan\u00ed \u2013 pro\u010d m\u00e1m tedy ukl\u00edzet j\u00e1, kdy\u017e na to soused ka\u0161le a vid\u011bl jsem jej za cel\u00fd rok snad jednou s kbel\u00edkem a mopem vyt\u00edrat schody. \u00daklid spole\u010dn\u00fdch prostor b\u00fdv\u00e1 nevd\u011b\u010dn\u00fd a obyvatel\u00e9 domu si pak mohou kv\u016fli tomu vj\u00ed\u017ed\u011bt do vlas\u016f a p\u0159id\u011bl\u00e1vat zbyte\u010dn\u00fd stres.Existuje ale \u0159e\u0161en\u00ed, z\u0159ejm\u011b o n\u011bm v\u00edte, nebo\u0165 to nen\u00ed \u017e\u00e1dn\u00e1 novinka, a sice \u00faklid panel\u00e1k\u016f modryzralok.cz profesion\u00e1ln\u00ed \u00faklidovou firmou. Sta\u010d\u00ed se k tomuto kroku odhodlat a odhlasovat si jej na domovn\u00ed sch\u016fzi. R\u00e1zem se zm\u011bn\u00ed mezilidsk\u00e9 vztahy v dom\u011b, tam, kde na sebe lid\u00e9 pok\u0159ikuj\u00ed a dohaduj\u00ed se o tom, kdy a pro\u010d n\u011bkdo neukl\u00edz\u00ed, se zm\u011bn\u00ed situace k nepozn\u00e1n\u00ed. Odpadne d\u016fvod hn\u011bvu a v objektu nastane klid. Ov\u0161em pokud tu n\u011bkdo ostatn\u00ed ru\u0161\u00ed hlukem nebo z\u00e1pachem, pochopiteln\u011b mohou nastat dal\u0161\u00ed d\u016fvody k rozep\u0159\u00edm, ale to u\u017e je jin\u00e1 p\u00edsni\u010dka \u2013 jin\u00e9 t\u00e9ma mezilidsk\u00e9ho sou\u017eit\u00ed a to by bylo t\u00e9ma na dal\u0161\u00ed \u010dl\u00e1nek. Prozat\u00edm m\u00e1te vy\u0159e\u0161en \u00faklid a mo\u017en\u00e1, \u017ee i \u010distota a po\u0159\u00e1dek v dom\u011b p\u0159isp\u011bj\u00ed k tomu, \u017ee ten, kdo ostatn\u00ed otravuje hlukem, si uv\u011bdom\u00ed, \u017ee si t\u00edm zbyte\u010dn\u011b zp\u016fsobuje probl\u00e9my i s\u00e1m sob\u011b.                                                                                                                                                                                                                                                                                                                                                                                           3\/5 - (4 votes)        "},{"@context":"https:\/\/schema.org\/","@type":"BreadcrumbList","itemListElement":[{"@type":"ListItem","position":1,"name":"Jak je to u v\u00e1s s \u00faklidem v panel\u00e1ku","item":"https:\/\/www.avlcz.cz\/jak-je-to-u-vas-s-uklidem-v-panelaku\/#breadcrumbitem"}]}]