{"@context":"https:\/\/schema.org\/","@type":"CollectionPage","@id":"https:\/\/www.avlcz.cz\/bydleni\/#CollectionPage","headline":"Bydlen\u00ed Category","description":"","url":"https:\/\/www.avlcz.cz\/bydleni\/","hasPart":[{"@type":"Article","@id":"https:\/\/www.avlcz.cz\/zjistete-zda-je-zivot-v-mobilnim-dome-pro-vas-to-prave\/","headline":"Zjist\u011bte, zda je \u017eivot v mobiln\u00edm dom\u011b pro v\u00e1s to prav\u00e9","url":"https:\/\/www.avlcz.cz\/zjistete-zda-je-zivot-v-mobilnim-dome-pro-vas-to-prave\/","datePublished":"2018-08-18","dateModified":"2018-08-18","mainEntityOfPage":"https:\/\/www.avlcz.cz\/zjistete-zda-je-zivot-v-mobilnim-dome-pro-vas-to-prave\/","author":{"@type":"Person","@id":"https:\/\/www.avlcz.cz\/author\/#Person","name":"","url":"https:\/\/www.avlcz.cz\/author\/","identifier":1,"image":{"@type":"ImageObject","@id":"https:\/\/secure.gravatar.com\/avatar\/591310831c6f562dead2685065c7bfb166baf64da6e0332ad9d0a2e9c6c14446?s=96&d=mm&r=g","url":"https:\/\/secure.gravatar.com\/avatar\/591310831c6f562dead2685065c7bfb166baf64da6e0332ad9d0a2e9c6c14446?s=96&d=mm&r=g","height":96,"width":96}},"publisher":{"@type":"Organization","name":"avlcz.cz","logo":{"@type":"ImageObject","@id":"\/logo.png","url":"\/logo.png","width":600,"height":60}},"image":{"@type":"ImageObject","@id":"https:\/\/www.avlcz.cz\/wp-content\/uploads\/img_a324242_w1693_t1536060358.png","url":"https:\/\/www.avlcz.cz\/wp-content\/uploads\/img_a324242_w1693_t1536060358.png","height":0,"width":0},"keywords":null},{"@type":"Article","@id":"https:\/\/www.avlcz.cz\/aby-byla-voda-krasne-cista\/","headline":"Aby byla voda kr\u00e1sn\u011b \u010dist\u00e1","url":"https:\/\/www.avlcz.cz\/aby-byla-voda-krasne-cista\/","datePublished":"2017-12-02","dateModified":"2017-12-02","mainEntityOfPage":"https:\/\/www.avlcz.cz\/aby-byla-voda-krasne-cista\/","author":{"@type":"Person","@id":"https:\/\/www.avlcz.cz\/author\/#Person","name":"","url":"https:\/\/www.avlcz.cz\/author\/","identifier":1,"image":{"@type":"ImageObject","@id":"https:\/\/secure.gravatar.com\/avatar\/591310831c6f562dead2685065c7bfb166baf64da6e0332ad9d0a2e9c6c14446?s=96&d=mm&r=g","url":"https:\/\/secure.gravatar.com\/avatar\/591310831c6f562dead2685065c7bfb166baf64da6e0332ad9d0a2e9c6c14446?s=96&d=mm&r=g","height":96,"width":96}},"publisher":{"@type":"Organization","name":"avlcz.cz","logo":{"@type":"ImageObject","@id":"\/logo.png","url":"\/logo.png","width":600,"height":60}},"image":{"@type":"ImageObject","@id":"https:\/\/www.avlcz.cz\/wp-content\/uploads\/img_a312920_w2644_t1523626198.jpg","url":"https:\/\/www.avlcz.cz\/wp-content\/uploads\/img_a312920_w2644_t1523626198.jpg","height":0,"width":0},"keywords":null}]}