{"@context":"https:\/\/schema.org\/","@type":"CollectionPage","@id":"https:\/\/www.avlcz.cz\/bydleni\/#CollectionPage","headline":"Bydlen\u00ed Category","description":"","url":"https:\/\/www.avlcz.cz\/bydleni\/","hasPart":[{"@type":"Article","@id":"https:\/\/www.avlcz.cz\/jak-mit-dokonaly-byt\/","headline":"Jak m\u00edt dokonal\u00fd byt?","url":"https:\/\/www.avlcz.cz\/jak-mit-dokonaly-byt\/","datePublished":"2025-07-02","dateModified":"2025-07-02","mainEntityOfPage":"https:\/\/www.avlcz.cz\/jak-mit-dokonaly-byt\/","author":{"@type":"Person","@id":"https:\/\/www.avlcz.cz\/author\/#Person","name":"","url":"https:\/\/www.avlcz.cz\/author\/","identifier":1,"image":{"@type":"ImageObject","@id":"https:\/\/secure.gravatar.com\/avatar\/591310831c6f562dead2685065c7bfb166baf64da6e0332ad9d0a2e9c6c14446?s=96&d=mm&r=g","url":"https:\/\/secure.gravatar.com\/avatar\/591310831c6f562dead2685065c7bfb166baf64da6e0332ad9d0a2e9c6c14446?s=96&d=mm&r=g","height":96,"width":96}},"publisher":{"@type":"Organization","name":"avlcz.cz","logo":{"@type":"ImageObject","@id":"\/logo.png","url":"\/logo.png","width":600,"height":60}},"image":{"@type":"ImageObject","@id":"https:\/\/www.avlcz.cz\/wp-content\/uploads\/dddddd_5.jpg","url":"https:\/\/www.avlcz.cz\/wp-content\/uploads\/dddddd_5.jpg","height":0,"width":0},"keywords":null},{"@type":"Article","@id":"https:\/\/www.avlcz.cz\/pujcky-mohou-resit-problemy\/","headline":"P\u016fj\u010dky mohou \u0159e\u0161it probl\u00e9my","url":"https:\/\/www.avlcz.cz\/pujcky-mohou-resit-problemy\/","datePublished":"2022-10-11","dateModified":"2022-10-11","mainEntityOfPage":"https:\/\/www.avlcz.cz\/pujcky-mohou-resit-problemy\/","author":{"@type":"Person","@id":"https:\/\/www.avlcz.cz\/author\/#Person","name":"","url":"https:\/\/www.avlcz.cz\/author\/","identifier":1,"image":{"@type":"ImageObject","@id":"https:\/\/secure.gravatar.com\/avatar\/591310831c6f562dead2685065c7bfb166baf64da6e0332ad9d0a2e9c6c14446?s=96&d=mm&r=g","url":"https:\/\/secure.gravatar.com\/avatar\/591310831c6f562dead2685065c7bfb166baf64da6e0332ad9d0a2e9c6c14446?s=96&d=mm&r=g","height":96,"width":96}},"publisher":{"@type":"Organization","name":"avlcz.cz","logo":{"@type":"ImageObject","@id":"\/logo.png","url":"\/logo.png","width":600,"height":60}},"image":{"@type":"ImageObject","@id":"https:\/\/www.avlcz.cz\/wp-content\/uploads\/EU%20mince_10_10_8.jpg","url":"https:\/\/www.avlcz.cz\/wp-content\/uploads\/EU%20mince_10_10_8.jpg","height":0,"width":0},"keywords":null},{"@type":"Article","@id":"https:\/\/www.avlcz.cz\/pujcka-zrejme-prijde-vhod\/","headline":"P\u016fj\u010dka z\u0159ejm\u011b p\u0159ijde vhod","url":"https:\/\/www.avlcz.cz\/pujcka-zrejme-prijde-vhod\/","datePublished":"2021-08-30","dateModified":"2021-08-30","mainEntityOfPage":"https:\/\/www.avlcz.cz\/pujcka-zrejme-prijde-vhod\/","author":{"@type":"Person","@id":"https:\/\/www.avlcz.cz\/author\/#Person","name":"","url":"https:\/\/www.avlcz.cz\/author\/","identifier":1,"image":{"@type":"ImageObject","@id":"https:\/\/secure.gravatar.com\/avatar\/591310831c6f562dead2685065c7bfb166baf64da6e0332ad9d0a2e9c6c14446?s=96&d=mm&r=g","url":"https:\/\/secure.gravatar.com\/avatar\/591310831c6f562dead2685065c7bfb166baf64da6e0332ad9d0a2e9c6c14446?s=96&d=mm&r=g","height":96,"width":96}},"publisher":{"@type":"Organization","name":"avlcz.cz","logo":{"@type":"ImageObject","@id":"\/logo.png","url":"\/logo.png","width":600,"height":60}},"image":{"@type":"ImageObject","@id":"https:\/\/www.avlcz.cz\/wp-content\/uploads\/americk%C3%A9%20centy_5.jpg","url":"https:\/\/www.avlcz.cz\/wp-content\/uploads\/americk%C3%A9%20centy_5.jpg","height":0,"width":0},"keywords":null},{"@type":"Article","@id":"https:\/\/www.avlcz.cz\/podle-ceho-se-pocita-u-profese-bytovy-architekt-cena-za-sluzby\/","headline":"Podle \u010deho se po\u010d\u00edt\u00e1 u profese bytov\u00fd architekt cena za slu\u017eby","url":"https:\/\/www.avlcz.cz\/podle-ceho-se-pocita-u-profese-bytovy-architekt-cena-za-sluzby\/","datePublished":"2021-01-17","dateModified":"2021-01-17","mainEntityOfPage":"https:\/\/www.avlcz.cz\/podle-ceho-se-pocita-u-profese-bytovy-architekt-cena-za-sluzby\/","author":{"@type":"Person","@id":"https:\/\/www.avlcz.cz\/author\/#Person","name":"","url":"https:\/\/www.avlcz.cz\/author\/","identifier":1,"image":{"@type":"ImageObject","@id":"https:\/\/secure.gravatar.com\/avatar\/591310831c6f562dead2685065c7bfb166baf64da6e0332ad9d0a2e9c6c14446?s=96&d=mm&r=g","url":"https:\/\/secure.gravatar.com\/avatar\/591310831c6f562dead2685065c7bfb166baf64da6e0332ad9d0a2e9c6c14446?s=96&d=mm&r=g","height":96,"width":96}},"publisher":{"@type":"Organization","name":"avlcz.cz","logo":{"@type":"ImageObject","@id":"\/logo.png","url":"\/logo.png","width":600,"height":60}},"image":{"@type":"ImageObject","@id":"https:\/\/www.avlcz.cz\/wp-content\/uploads\/hypoteka1_10_10_9.jpg","url":"https:\/\/www.avlcz.cz\/wp-content\/uploads\/hypoteka1_10_10_9.jpg","height":0,"width":0},"keywords":null},{"@type":"Article","@id":"https:\/\/www.avlcz.cz\/dostatek-mista-na-vsechno-muzete-mit-i-vy\/","headline":"Dostatek m\u00edsta na v\u0161echno m\u016f\u017eete m\u00edt i vy","url":"https:\/\/www.avlcz.cz\/dostatek-mista-na-vsechno-muzete-mit-i-vy\/","datePublished":"2020-05-08","dateModified":"2020-05-08","mainEntityOfPage":"https:\/\/www.avlcz.cz\/dostatek-mista-na-vsechno-muzete-mit-i-vy\/","author":{"@type":"Person","@id":"https:\/\/www.avlcz.cz\/author\/#Person","name":"","url":"https:\/\/www.avlcz.cz\/author\/","identifier":1,"image":{"@type":"ImageObject","@id":"https:\/\/secure.gravatar.com\/avatar\/591310831c6f562dead2685065c7bfb166baf64da6e0332ad9d0a2e9c6c14446?s=96&d=mm&r=g","url":"https:\/\/secure.gravatar.com\/avatar\/591310831c6f562dead2685065c7bfb166baf64da6e0332ad9d0a2e9c6c14446?s=96&d=mm&r=g","height":96,"width":96}},"publisher":{"@type":"Organization","name":"avlcz.cz","logo":{"@type":"ImageObject","@id":"\/logo.png","url":"\/logo.png","width":600,"height":60}},"image":{"@type":"ImageObject","@id":"https:\/\/www.avlcz.cz\/wp-content\/uploads\/art379910_3x2_20260822_123616_AcLhkd.jpg","url":"https:\/\/www.avlcz.cz\/wp-content\/uploads\/art379910_3x2_20260822_123616_AcLhkd.jpg","height":0,"width":0},"keywords":null},{"@type":"Article","@id":"https:\/\/www.avlcz.cz\/tvorba-webu-brno\/","headline":"Tvorba webu Brno","url":"https:\/\/www.avlcz.cz\/tvorba-webu-brno\/","datePublished":"2020-04-06","dateModified":"2020-04-06","mainEntityOfPage":"https:\/\/www.avlcz.cz\/tvorba-webu-brno\/","author":{"@type":"Person","@id":"https:\/\/www.avlcz.cz\/author\/#Person","name":"","url":"https:\/\/www.avlcz.cz\/author\/","identifier":1,"image":{"@type":"ImageObject","@id":"https:\/\/secure.gravatar.com\/avatar\/591310831c6f562dead2685065c7bfb166baf64da6e0332ad9d0a2e9c6c14446?s=96&d=mm&r=g","url":"https:\/\/secure.gravatar.com\/avatar\/591310831c6f562dead2685065c7bfb166baf64da6e0332ad9d0a2e9c6c14446?s=96&d=mm&r=g","height":96,"width":96}},"publisher":{"@type":"Organization","name":"avlcz.cz","logo":{"@type":"ImageObject","@id":"\/logo.png","url":"\/logo.png","width":600,"height":60}},"image":{"@type":"ImageObject","@id":"https:\/\/www.avlcz.cz\/wp-content\/uploads\/img_a376491_w3863_t1587971163.jpg","url":"https:\/\/www.avlcz.cz\/wp-content\/uploads\/img_a376491_w3863_t1587971163.jpg","height":0,"width":0},"keywords":null},{"@type":"Article","@id":"https:\/\/www.avlcz.cz\/jak-rychle-uklidit-domacnost-pred-navstevou-kdyz-nemate-dostatek-casu\/","headline":"Jak rychle uklidit dom\u00e1cnost p\u0159ed n\u00e1v\u0161t\u011bvou, kdy\u017e nem\u00e1te dostatek \u010dasu.","url":"https:\/\/www.avlcz.cz\/jak-rychle-uklidit-domacnost-pred-navstevou-kdyz-nemate-dostatek-casu\/","datePublished":"2019-11-06","dateModified":"2019-11-06","mainEntityOfPage":"https:\/\/www.avlcz.cz\/jak-rychle-uklidit-domacnost-pred-navstevou-kdyz-nemate-dostatek-casu\/","author":{"@type":"Person","@id":"https:\/\/www.avlcz.cz\/author\/#Person","name":"","url":"https:\/\/www.avlcz.cz\/author\/","identifier":1,"image":{"@type":"ImageObject","@id":"https:\/\/secure.gravatar.com\/avatar\/591310831c6f562dead2685065c7bfb166baf64da6e0332ad9d0a2e9c6c14446?s=96&d=mm&r=g","url":"https:\/\/secure.gravatar.com\/avatar\/591310831c6f562dead2685065c7bfb166baf64da6e0332ad9d0a2e9c6c14446?s=96&d=mm&r=g","height":96,"width":96}},"publisher":{"@type":"Organization","name":"avlcz.cz","logo":{"@type":"ImageObject","@id":"\/logo.png","url":"\/logo.png","width":600,"height":60}},"image":{"@type":"ImageObject","@id":"https:\/\/www.avlcz.cz\/wp-content\/uploads\/img_a360957_w3149_t1574514380.jpg","url":"https:\/\/www.avlcz.cz\/wp-content\/uploads\/img_a360957_w3149_t1574514380.jpg","height":0,"width":0},"keywords":null},{"@type":"Article","@id":"https:\/\/www.avlcz.cz\/k-obrazu-nasemu\/","headline":"K obrazu na\u0161emu","url":"https:\/\/www.avlcz.cz\/k-obrazu-nasemu\/","datePublished":"2019-08-08","dateModified":"2019-08-08","mainEntityOfPage":"https:\/\/www.avlcz.cz\/k-obrazu-nasemu\/","author":{"@type":"Person","@id":"https:\/\/www.avlcz.cz\/author\/#Person","name":"","url":"https:\/\/www.avlcz.cz\/author\/","identifier":1,"image":{"@type":"ImageObject","@id":"https:\/\/secure.gravatar.com\/avatar\/591310831c6f562dead2685065c7bfb166baf64da6e0332ad9d0a2e9c6c14446?s=96&d=mm&r=g","url":"https:\/\/secure.gravatar.com\/avatar\/591310831c6f562dead2685065c7bfb166baf64da6e0332ad9d0a2e9c6c14446?s=96&d=mm&r=g","height":96,"width":96}},"publisher":{"@type":"Organization","name":"avlcz.cz","logo":{"@type":"ImageObject","@id":"\/logo.png","url":"\/logo.png","width":600,"height":60}},"image":{"@type":"ImageObject","@id":"https:\/\/www.avlcz.cz\/wp-content\/uploads\/img_a358573_w1795_t1572945291.jpg","url":"https:\/\/www.avlcz.cz\/wp-content\/uploads\/img_a358573_w1795_t1572945291.jpg","height":0,"width":0},"keywords":null},{"@type":"Article","@id":"https:\/\/www.avlcz.cz\/prarodice-rodice-a-deti-v-jednom-dome\/","headline":"Prarodi\u010de, rodi\u010de a d\u011bti v jednom dom\u011b","url":"https:\/\/www.avlcz.cz\/prarodice-rodice-a-deti-v-jednom-dome\/","datePublished":"2019-06-24","dateModified":"2019-06-24","mainEntityOfPage":"https:\/\/www.avlcz.cz\/prarodice-rodice-a-deti-v-jednom-dome\/","author":{"@type":"Person","@id":"https:\/\/www.avlcz.cz\/author\/#Person","name":"","url":"https:\/\/www.avlcz.cz\/author\/","identifier":1,"image":{"@type":"ImageObject","@id":"https:\/\/secure.gravatar.com\/avatar\/591310831c6f562dead2685065c7bfb166baf64da6e0332ad9d0a2e9c6c14446?s=96&d=mm&r=g","url":"https:\/\/secure.gravatar.com\/avatar\/591310831c6f562dead2685065c7bfb166baf64da6e0332ad9d0a2e9c6c14446?s=96&d=mm&r=g","height":96,"width":96}},"publisher":{"@type":"Organization","name":"avlcz.cz","logo":{"@type":"ImageObject","@id":"\/logo.png","url":"\/logo.png","width":600,"height":60}},"image":{"@type":"ImageObject","@id":"https:\/\/www.avlcz.cz\/wp-content\/uploads\/img_a346042_w2904_t1560021444.png","url":"https:\/\/www.avlcz.cz\/wp-content\/uploads\/img_a346042_w2904_t1560021444.png","height":0,"width":0},"keywords":null},{"@type":"Article","@id":"https:\/\/www.avlcz.cz\/opomijene-slovinsko\/","headline":"Opom\u00edjen\u00e9 Slovinsko","url":"https:\/\/www.avlcz.cz\/opomijene-slovinsko\/","datePublished":"2019-02-06","dateModified":"2019-02-06","mainEntityOfPage":"https:\/\/www.avlcz.cz\/opomijene-slovinsko\/","author":{"@type":"Person","@id":"https:\/\/www.avlcz.cz\/author\/#Person","name":"","url":"https:\/\/www.avlcz.cz\/author\/","identifier":1,"image":{"@type":"ImageObject","@id":"https:\/\/secure.gravatar.com\/avatar\/591310831c6f562dead2685065c7bfb166baf64da6e0332ad9d0a2e9c6c14446?s=96&d=mm&r=g","url":"https:\/\/secure.gravatar.com\/avatar\/591310831c6f562dead2685065c7bfb166baf64da6e0332ad9d0a2e9c6c14446?s=96&d=mm&r=g","height":96,"width":96}},"publisher":{"@type":"Organization","name":"avlcz.cz","logo":{"@type":"ImageObject","@id":"\/logo.png","url":"\/logo.png","width":600,"height":60}},"image":{"@type":"ImageObject","@id":"https:\/\/www.avlcz.cz\/wp-content\/uploads\/img_a337124_w2914_t1550349692.jpg","url":"https:\/\/www.avlcz.cz\/wp-content\/uploads\/img_a337124_w2914_t1550349692.jpg","height":0,"width":0},"keywords":null}]}